{"id":1709,"date":"2021-08-31T20:10:42","date_gmt":"2021-09-01T00:10:42","guid":{"rendered":"https:\/\/www.semanariolocal.cl\/?p=1709"},"modified":"2021-08-31T20:10:42","modified_gmt":"2021-09-01T00:10:42","slug":"emilia-nuyado-es-valido-y-justo-refundar-a-carabineros","status":"publish","type":"post","link":"https:\/\/www.semanariolocal.cl\/?p=1709","title":{"rendered":"Emilia Nuyado: \u00abEs v\u00e1lido y justo refundar a carabineros\u00bb"},"content":{"rendered":"\n<p style=\"font-size:17px\">La Presidenta de la Comisi\u00f3n de Derechos Humanos y Pueblos Originarios de la C\u00e1mara de Diputados,&nbsp;Emilia&nbsp;Nuyado, respald\u00f3 la propuesta de la Comisi\u00f3n de DD.HH. de la&nbsp;Convenci\u00f3n Constitucional de refundar&nbsp; Carabineros&nbsp;por otro organismo, que sea dirigido por civiles respetando los derechos esenciales&nbsp;de los ciudadanos.<\/p>\n\n\n\n<p style=\"font-size:17px\">A juicio de la parlamentaria mapuche, \u00abes absolutamente justo y v\u00e1lido refundar una Instituci\u00f3n manchada por los abusos. Seamos claros Carabineros siempre ha sido cuestionado, bajo la dictadura incluso fueron parte de los organismo encargados de perseguir a los opositores a Pinochet\u00bb.<\/p>\n\n\n\n<p style=\"font-size:17px\">\u00abPero adem\u00e1s esta instituci\u00f3n siempre ha defendido a sectores econ\u00f3micos por sobre las comunidades, nosotros como mapuche hemos vivido en carne propia la persecuci\u00f3n, discriminaci\u00f3n y asesinato de varios Weichafes\u00bb, dijo&nbsp;Emilia&nbsp;Nuyado.<\/p>\n\n\n\n<p style=\"font-size:17px\">Sobre este mismo punto la Presidenta de la Comisi\u00f3n de Derechos Humanos, agreg\u00f3 que \u00abla guinda de la torta han sido los casos de corrupci\u00f3n en el Paco Gate y por supuesto las violaciones a los derechos humanos cometidos durante el estallido social\u00bb.<\/p>\n\n\n\n<p style=\"font-size:17px\">\u00abEstamos ante una polic\u00eda que debe ser refundada y cambiada por un organismo que inspire confianza y que sea respetuosa los derechos de los ciudadanos\u00bb; concluy\u00f3 la diputada Mapuche,&nbsp;Emilia&nbsp;Nuyado.<\/p>\n","protected":false},"excerpt":{"rendered":"<p>La diputada Mapuche Emilia Nuyado, dijo que \u00abal margen del mecanismo lo importante es crear un polic\u00eda que de confianza a todas y todos\u00bb.<\/p>\n","protected":false},"author":1,"featured_media":1710,"comment_status":"closed","ping_status":"closed","sticky":false,"template":"","format":"standard","meta":{"footnotes":""},"categories":[6],"tags":[],"class_list":["post-1709","post","type-post","status-publish","format-standard","has-post-thumbnail","hentry","category-politica"],"_links":{"self":[{"href":"https:\/\/www.semanariolocal.cl\/index.php?rest_route=\/wp\/v2\/posts\/1709","targetHints":{"allow":["GET"]}}],"collection":[{"href":"https:\/\/www.semanariolocal.cl\/index.php?rest_route=\/wp\/v2\/posts"}],"about":[{"href":"https:\/\/www.semanariolocal.cl\/index.php?rest_route=\/wp\/v2\/types\/post"}],"author":[{"embeddable":true,"href":"https:\/\/www.semanariolocal.cl\/index.php?rest_route=\/wp\/v2\/users\/1"}],"replies":[{"embeddable":true,"href":"https:\/\/www.semanariolocal.cl\/index.php?rest_route=%2Fwp%2Fv2%2Fcomments&post=1709"}],"version-history":[{"count":1,"href":"https:\/\/www.semanariolocal.cl\/index.php?rest_route=\/wp\/v2\/posts\/1709\/revisions"}],"predecessor-version":[{"id":1711,"href":"https:\/\/www.semanariolocal.cl\/index.php?rest_route=\/wp\/v2\/posts\/1709\/revisions\/1711"}],"wp:featuredmedia":[{"embeddable":true,"href":"https:\/\/www.semanariolocal.cl\/index.php?rest_route=\/wp\/v2\/media\/1710"}],"wp:attachment":[{"href":"https:\/\/www.semanariolocal.cl\/index.php?rest_route=%2Fwp%2Fv2%2Fmedia&parent=1709"}],"wp:term":[{"taxonomy":"category","embeddable":true,"href":"https:\/\/www.semanariolocal.cl\/index.php?rest_route=%2Fwp%2Fv2%2Fcategories&post=1709"},{"taxonomy":"post_tag","embeddable":true,"href":"https:\/\/www.semanariolocal.cl\/index.php?rest_route=%2Fwp%2Fv2%2Ftags&post=1709"}],"curies":[{"name":"wp","href":"https:\/\/api.w.org\/{rel}","templated":true}]}}