{"id":1706,"date":"2021-08-31T02:03:00","date_gmt":"2021-08-31T06:03:00","guid":{"rendered":"https:\/\/www.semanariolocal.cl\/?p=1706"},"modified":"2021-08-31T19:07:14","modified_gmt":"2021-08-31T23:07:14","slug":"diputada-parra-lamento-rechazo-a-proyecto-para-desinscripcion-automatica-al-servel","status":"publish","type":"post","link":"https:\/\/www.semanariolocal.cl\/?p=1706","title":{"rendered":"Diputada Parra lament\u00f3 rechazo a proyecto para desinscripci\u00f3n autom\u00e1tica al Servel"},"content":{"rendered":"\n<p style=\"font-size:17px\">La Presidenta de la Comisi\u00f3n de Gobierno Interior, Andrea Parra, lament\u00f3 que el proyecto de leyque incorporaba un procedimiento de desinscripci\u00f3n voluntaria, no alcanzara el qu\u00f3rum requerido de 89 votos, y fuera rechazada por la C\u00e1mara de Diputadas y Diputados.<strong>&nbsp;<\/strong>De esta manera, la iniciativa fue archivada y no podr\u00e1 legislarse sobre esta materia hasta pasado un a\u00f1o.<strong><\/strong><\/p>\n\n\n\n<p style=\"font-size:17px\">\u00abLamentablemente nos faltaron dos votos para aprobar la desinscripci\u00f3n voluntaria, que era una de las patas de la mesa para fortalecer el voto obligatorio. Creo que se le ha propinado un golpe a la obligatoriedad del sufragio\u00bb, afirm\u00f3 la diputada Parra, quien adem\u00e1s es autora de una de las iniciativas.<\/p>\n\n\n\n<p style=\"font-size:17px\">La parlamentaria agreg\u00f3 que \u00absi bien hay que fomentar la participaci\u00f3n, no hay que olvidarse que el voto es un derecho y no puede imponerse. Seguiremos insistiendo con los dem\u00e1s proyectos complementarios, porque nuestra tarea hoy es fortalecer la democracia\u00bb.<\/p>\n\n\n\n<p style=\"font-size:17px\">Este proyecto de ley formaba parte de una bater\u00eda de propuestas que discute el Congreso Nacional para reponer el voto obligatorio, y establec\u00eda un mecanismo que deb\u00eda realizarse antes de una elecci\u00f3n o plebiscito, contempl\u00e1ndose que los y las electoras acudieran a la oficina del Servicio Electoral o a su sitio web con su clave \u00fanica. Por otra parte, los ciudadanos residentes en el extranjero pod\u00edan presentar la solicitud a trav\u00e9s del consulado respectivo.<\/p>\n","protected":false},"excerpt":{"rendered":"<p>La Presidenta de la Comisi\u00f3n de Gobierno Interior, Andrea Parra, lament\u00f3 que el proyecto de leyque incorporaba un procedimiento de desinscripci\u00f3n voluntaria, no alcanzara el qu\u00f3rum requerido de 89 votos, y fuera rechazada por la C\u00e1mara de Diputadas y Diputados.&nbsp;De esta manera, la iniciativa fue archivada y no podr\u00e1 legislarse sobre esta materia hasta pasado&#8230;<a class=\"btnReadMore\" href=\"https:\/\/www.semanariolocal.cl\/?p=1706\"> Leer M\u00e1s<\/a><\/p>\n","protected":false},"author":1,"featured_media":1707,"comment_status":"closed","ping_status":"closed","sticky":false,"template":"","format":"standard","meta":{"footnotes":""},"categories":[6],"tags":[],"class_list":["post-1706","post","type-post","status-publish","format-standard","has-post-thumbnail","hentry","category-politica"],"_links":{"self":[{"href":"https:\/\/www.semanariolocal.cl\/index.php?rest_route=\/wp\/v2\/posts\/1706","targetHints":{"allow":["GET"]}}],"collection":[{"href":"https:\/\/www.semanariolocal.cl\/index.php?rest_route=\/wp\/v2\/posts"}],"about":[{"href":"https:\/\/www.semanariolocal.cl\/index.php?rest_route=\/wp\/v2\/types\/post"}],"author":[{"embeddable":true,"href":"https:\/\/www.semanariolocal.cl\/index.php?rest_route=\/wp\/v2\/users\/1"}],"replies":[{"embeddable":true,"href":"https:\/\/www.semanariolocal.cl\/index.php?rest_route=%2Fwp%2Fv2%2Fcomments&post=1706"}],"version-history":[{"count":1,"href":"https:\/\/www.semanariolocal.cl\/index.php?rest_route=\/wp\/v2\/posts\/1706\/revisions"}],"predecessor-version":[{"id":1708,"href":"https:\/\/www.semanariolocal.cl\/index.php?rest_route=\/wp\/v2\/posts\/1706\/revisions\/1708"}],"wp:featuredmedia":[{"embeddable":true,"href":"https:\/\/www.semanariolocal.cl\/index.php?rest_route=\/wp\/v2\/media\/1707"}],"wp:attachment":[{"href":"https:\/\/www.semanariolocal.cl\/index.php?rest_route=%2Fwp%2Fv2%2Fmedia&parent=1706"}],"wp:term":[{"taxonomy":"category","embeddable":true,"href":"https:\/\/www.semanariolocal.cl\/index.php?rest_route=%2Fwp%2Fv2%2Fcategories&post=1706"},{"taxonomy":"post_tag","embeddable":true,"href":"https:\/\/www.semanariolocal.cl\/index.php?rest_route=%2Fwp%2Fv2%2Ftags&post=1706"}],"curies":[{"name":"wp","href":"https:\/\/api.w.org\/{rel}","templated":true}]}}