{"id":1703,"date":"2021-08-31T15:57:00","date_gmt":"2021-08-31T19:57:00","guid":{"rendered":"https:\/\/www.semanariolocal.cl\/?p=1703"},"modified":"2021-08-31T19:00:53","modified_gmt":"2021-08-31T23:00:53","slug":"comenzo-entrega-de-mas-de-9-mil-computadores-de-becas-tic-del-mineduc","status":"publish","type":"post","link":"https:\/\/www.semanariolocal.cl\/?p=1703","title":{"rendered":"Comenz\u00f3 entrega de m\u00e1s de 9 mil computadores de Becas TIC del Mineduc"},"content":{"rendered":"\n<p style=\"font-size:17px\">En Fresia, espec\u00edficamente en el Liceo Carlos Ib\u00e1\u00f1ez del Campo, y dando el vamos en la Provincia de Llanquihue, comenz\u00f3 la entrega de computadores que el Ministerio de Educaci\u00f3n otorga a trav\u00e9s de Junaeb, correspondientes a las Becas TIC de los programas \u201cYo elijo mi PC\u201d y \u201cMe conecto para aprender\u201d a estudiantes de 7\u00ba b\u00e1sico, tanto de establecimientos municipales como particulares subvencionados.<\/p>\n\n\n\n<p style=\"font-size:17px\">En total, a nivel regional ser\u00e1n 9.167 computadores que recibir\u00e1n los estudiantes y que por provincia el desglose es el siguiente: 4.328 equipos destinados a la Provincia de Llanquihue, 2.338 a la de Osorno, 2.202 a Chilo\u00e9 y, 274 equipos ser\u00e1n entregados en Palena.<\/p>\n\n\n\n<p style=\"font-size:17px\">El inicio de esta entrega fue encabezada por el delegado presidencial regional, Carlos Geisse; la seremi de Educaci\u00f3n, Paulina Lobos; la directora regional de Junaeb, Sarita C\u00e1rcamo; el jefe provincial de Educaci\u00f3n, V\u00edctor S\u00e1nchez y la directora ejecutiva del Servicio Local de Educaci\u00f3n, Claudia Trillo.<\/p>\n\n\n\n<p style=\"font-size:17px\">El Delegado Presidencial Regional, Carlos Geisse, se\u00f1al\u00f3 que la comuna de Fresia fue elegida como un s\u00edmbolo de descentralizaci\u00f3n para iniciar la entrega de computadores en la provincia de Llanquihue. \u201cEstamos haciendo entrega de estos computadores a m\u00e1s de 140 ni\u00f1os de esta comuna, hemos conversado con los padres y apoderados y est\u00e1n muy contentos, porque adem\u00e1s del computador est\u00e1 la conexi\u00f3n por un a\u00f1o a internet y con eso van a poder abrirse al mundo con toda esta informaci\u00f3n y todos estos conocimientos\u201d.<\/p>\n\n\n\n<p style=\"font-size:17px\">Por su parte, la seremi de Educaci\u00f3n, Paulina Lobos, indic\u00f3 saber \u201cque las necesidades de nuestros estudiantes son hoy, son ahora; esta pandemia nos ha golpeado mucho en todos los sentidos y tenemos que contribuir a disminuir las brechas, en este caso tecnol\u00f3gicas que tanto requieren las familias y esta es una herramienta que estar\u00e1 al servicio del aprendizaje, entendiendo adem\u00e1s que los estudiantes necesitan conectarse con el mundo y con sus pares; y el computador conectado a internet les permite estar en esa l\u00ednea\u201d, sostuvo la autoridad, a\u00f1adiendo que como Ministerio seguir\u00e1n insistiendo en la importancia de que las escuelas est\u00e9n abiertas y con los protocolos necesarios para brindar el servicio educativo a las familias que as\u00ed lo requieran.<\/p>\n\n\n\n<p style=\"font-size:17px\">En cuanto a la entrega en s\u00ed, la directora regional de Junaeb, Sarita C\u00e1rcamo, dijo que \u201cestamos preparados en todo lo que tiene que ver en el \u00e1mbito de la log\u00edstica para poder entregar los m\u00e1s de mil 100 dispositivos a estudiantes que actualmente cursan s\u00e9ptimo b\u00e1sico y nuestro objetivo es poder abordar las comunas con mayor complejidad en cuanto a conectividad y para ello, nos coordinaremos con cada comuna para ver las fechas, lugar y horario, para que padres, madres y apoderados acudan a retirar los computadores de los estudiantes beneficiados. Esta inversi\u00f3n que haremos en la regi\u00f3n, supera los 3 mil 100 millones de pesos\u201d, se\u00f1al\u00f3 C\u00e1rcamo, quien agreg\u00f3 que adem\u00e1s, los computadores incluye un a\u00f1o de conexi\u00f3n a internet.<\/p>\n\n\n\n<p style=\"font-size:17px\">Mientras que la directora del Servicio Local de Educaci\u00f3n Llanquihue, Claudia Trillo, asever\u00f3 que \u201choy m\u00e1s que nunca la conectividad se ha relevado como una necesidad para el desarrollo del proceso educativo de nuestros estudiantes. Por eso estamos muy contentos por el comienzo de esta entrega de computadores que, sin duda, van a apoyar y mejorar sus aprendizajes que se han visto afectados por la pandemia. Esta es una gran ayuda, sobre todo para los ni\u00f1os que estudian en nuestras escuelas rurales, donde es m\u00e1s dif\u00edcil acceder a la conectividad\u201d, precis\u00f3 la sostenedora.<\/p>\n\n\n\n<p style=\"font-size:17px\"><strong>Gratitud<\/strong><\/p>\n\n\n\n<p style=\"font-size:17px\">Debido a la pandemia y a los protocolos sanitarios existentes, para evitar el aglomeramiento de personas, es que se dispuso un orden de retiro de los computadores, ya sea padres o apoderados; o en su defecto, profesores encargados de escuela.<\/p>\n\n\n\n<p style=\"font-size:17px\">Fue as\u00ed como lleg\u00f3 a retirar el equipo de su hijo, Pamela Vera. La tambi\u00e9n profesora de la Escuela B\u00e1sica Fresia se mostr\u00f3 agradecida por lo que significa tener el acceso a un computador con un a\u00f1o de conexi\u00f3n a internet. \u201cCompletamente agradecida por esta entrega que ha sido oportuna para nuestros hijos, como tambi\u00e9n para los alumnos de la escuela, as\u00ed que muy agradecida del gobierno de don Sebasti\u00e1n Pi\u00f1era por esto. Bajo esta pandemia que hemos vivido, es fundamental el uso de las Tic, sobre todo para los ni\u00f1os que est\u00e1n a larga distancia de la comuna y esto beneficiar\u00e1 completamente a nuestros hijos y alumnos\u201d, fundament\u00f3 la apoderada.<\/p>\n\n\n\n<p style=\"font-size:17px\"><strong>Pr\u00f3ximas entregas<\/strong><\/p>\n\n\n\n<p style=\"font-size:17px\">La entrega de computadores de las Becas TIC 2021, continuar\u00e1n este mi\u00e9rcoles con el vamos en la Provincia de Osorno, en la Escuela Delicio C\u00e1rdenas de San Pablo; mientras que el viernes, ser\u00e1 le corresponder\u00e1 a la Provincia de Chilo\u00e9, en la Escuela Rural Montemar de Quemchi.<\/p>\n\n\n\n<p style=\"font-size:17px\">Ya la pr\u00f3xima semana ser\u00e1 el turno de las comunas de Puqueld\u00f3n, Cocham\u00f3, Queilen, San Juan de la Costa, Futaleuf\u00fa, Llanquihue, Puerto Octay, Puyehue, Chait\u00e9n, R\u00edo Negro y Chonchi.<\/p>\n\n\n\n<p style=\"font-size:17px\"><strong>Provincia de Palena, la primera<\/strong><\/p>\n\n\n\n<p style=\"font-size:17px\">La primera comuna en la Regi\u00f3n en recibir las Becas TIC fue Hualaihu\u00e9, donde son 146 los estudiantes beneficiados. Tomando todos los resguardos sanitarios y desde distintas localidades, fueron los apoderados y\/o los profesores, los encargados en recibir este beneficio en la Escuela Antupir\u00e9n.<\/p>\n","protected":false},"excerpt":{"rendered":"<p>Hualaihu\u00e9 y Fresia, fueron el punto de partida en las Provincias de Palena y Llanquihue, respectivamente. La inversi\u00f3n hecha por el Ministerio de Educaci\u00f3n supera los $3.100 millones de pesos y los beneficiados son los estudiantes de 7\u00ba b\u00e1sico, tanto de establecimientos municipales como particulares subvencionados.<\/p>\n","protected":false},"author":1,"featured_media":1704,"comment_status":"closed","ping_status":"closed","sticky":false,"template":"","format":"standard","meta":{"footnotes":""},"categories":[11,9],"tags":[],"class_list":["post-1703","post","type-post","status-publish","format-standard","has-post-thumbnail","hentry","category-educacion","category-gobierno"],"_links":{"self":[{"href":"https:\/\/www.semanariolocal.cl\/index.php?rest_route=\/wp\/v2\/posts\/1703","targetHints":{"allow":["GET"]}}],"collection":[{"href":"https:\/\/www.semanariolocal.cl\/index.php?rest_route=\/wp\/v2\/posts"}],"about":[{"href":"https:\/\/www.semanariolocal.cl\/index.php?rest_route=\/wp\/v2\/types\/post"}],"author":[{"embeddable":true,"href":"https:\/\/www.semanariolocal.cl\/index.php?rest_route=\/wp\/v2\/users\/1"}],"replies":[{"embeddable":true,"href":"https:\/\/www.semanariolocal.cl\/index.php?rest_route=%2Fwp%2Fv2%2Fcomments&post=1703"}],"version-history":[{"count":1,"href":"https:\/\/www.semanariolocal.cl\/index.php?rest_route=\/wp\/v2\/posts\/1703\/revisions"}],"predecessor-version":[{"id":1705,"href":"https:\/\/www.semanariolocal.cl\/index.php?rest_route=\/wp\/v2\/posts\/1703\/revisions\/1705"}],"wp:featuredmedia":[{"embeddable":true,"href":"https:\/\/www.semanariolocal.cl\/index.php?rest_route=\/wp\/v2\/media\/1704"}],"wp:attachment":[{"href":"https:\/\/www.semanariolocal.cl\/index.php?rest_route=%2Fwp%2Fv2%2Fmedia&parent=1703"}],"wp:term":[{"taxonomy":"category","embeddable":true,"href":"https:\/\/www.semanariolocal.cl\/index.php?rest_route=%2Fwp%2Fv2%2Fcategories&post=1703"},{"taxonomy":"post_tag","embeddable":true,"href":"https:\/\/www.semanariolocal.cl\/index.php?rest_route=%2Fwp%2Fv2%2Ftags&post=1703"}],"curies":[{"name":"wp","href":"https:\/\/api.w.org\/{rel}","templated":true}]}}