{"id":1700,"date":"2021-08-31T03:34:00","date_gmt":"2021-08-31T07:34:00","guid":{"rendered":"https:\/\/www.semanariolocal.cl\/?p=1700"},"modified":"2021-08-31T18:56:48","modified_gmt":"2021-08-31T22:56:48","slug":"educadora-de-parvulos-de-puerto-montt-destaca-en-carrera-docente-a-nivel-nacional","status":"publish","type":"post","link":"https:\/\/www.semanariolocal.cl\/?p=1700","title":{"rendered":"Educadora de P\u00e1rvulos de Puerto Montt destaca en carrera docente a nivel nacional"},"content":{"rendered":"\n<p style=\"font-size:17px\">Gabriela Cano -del Jard\u00edn Infantil \u201cMilla Ant\u00fc\u201d de Puerto Montt- fue reconocida por JUNJI y la Subsecretar\u00eda de Educaci\u00f3n Parvularia al obtener el Tramo Experto II, en el proceso de Evaluaci\u00f3n Docente de Educaci\u00f3n Parvularia 2021.<br>\u00a0<br>En el marco de un proceso in\u00e9dito para la Educaci\u00f3n Parvularia, una funcionaria de JUNJI Los Lagos, Gabriela Cano, fue destacada por su gran desempe\u00f1o profesional, trabajo en equipo y ser reconocida en los diferentes tramos de la Carrera Docente. Esto, a pesar del complejo escenario debido a la pandemia del Covid-19.<br>\u00a0<br>\u201cElla obtuvo el resultado m\u00e1s alto de encasillamiento, tramo \u201cExperto 2\u201d, siendo este el resultado de un gran esfuerzo profesional y un reconocimiento a su trayectoria. Destac\u00e1ndose como \u00fanica profesional en el pa\u00eds en obtener el puntaje m\u00e1s alto a nivel nacional\u201d, destac\u00f3 el director de JUNJI Los Lagos, Eduardo Hern\u00e1ndez.<br>\u00a0<br>Asimismo, la autoridad del servicio p\u00fablico le otorg\u00f3 un reconocimiento ante sus pares de la Regi\u00f3n de Los Lagos, el cual correspondi\u00f3 a una Anotaci\u00f3n De M\u00e9rito, instruido por la vicepresidenta nacional de JUNJI, Adriana Gaete. Esto, por su alto grado de compromiso institucional y sistem\u00e1tico apoyo a la comunidad del jard\u00edn infantil Milla Ant\u00fc del sector de Alerce.<br>\u00a0<br>\u201cComo Direcci\u00f3n Regional nos sentimos muy orgullosos del desempe\u00f1o de Gabriela, quien logr\u00f3 un hito en este proceso de evaluaci\u00f3n integral, considerando los nuevos referentes para la educaci\u00f3n parvularia. Proceso que las reconoce como lo que son: las protagonistas para propiciar experiencias de aprendizaje de calidad que acompa\u00f1ar\u00e1n a las ni\u00f1as y ni\u00f1os toda su vida\u201d, sostuvo Hern\u00e1ndez.<br>\u00a0<br>\u201cSer parte de este proceso signific\u00f3 un desaf\u00edo, en el cual pude demostrarme a m\u00ed misma cu\u00e1les eran mis capacidades y poder identificar mis fortalezas y aquellas cosas que debo mejorar. Fue un per\u00edodo de mucho estr\u00e9s e inquietud y, tambi\u00e9n, de mucho trabajo colaborativo y aprendizaje. Los adultos nunca dejamos de aprender\u201d, dijo la educadora Gabriela Cano, quien lleva 12 a\u00f1os en aula.<br>\u00a0<br>En el plano nacional, s\u00f3lo dos educadoras de p\u00e1rvulos lograron alcanzar el tramo Experto II 2021. Este reconoce que las profesionales de JUNJI cuentan con una trayectoria, competencias y habilidades pedag\u00f3gicas que les permiten ser consideradas como docentes de excelencia.<\/p>\n","protected":false},"excerpt":{"rendered":"<p>Gabriela Cano -del Jard\u00edn Infantil \u201cMilla Ant\u00fc\u201d de Puerto Montt- fue reconocida por JUNJI y la Subsecretar\u00eda de Educaci\u00f3n Parvularia al obtener el Tramo Experto II, en el proceso de Evaluaci\u00f3n Docente de Educaci\u00f3n Parvularia 2021.\u00a0En el marco de un proceso in\u00e9dito para la Educaci\u00f3n Parvularia, una funcionaria de JUNJI Los Lagos, Gabriela Cano, fue&#8230;<a class=\"btnReadMore\" href=\"https:\/\/www.semanariolocal.cl\/?p=1700\"> Leer M\u00e1s<\/a><\/p>\n","protected":false},"author":1,"featured_media":1701,"comment_status":"closed","ping_status":"closed","sticky":false,"template":"","format":"standard","meta":{"footnotes":""},"categories":[3,11,9],"tags":[],"class_list":["post-1700","post","type-post","status-publish","format-standard","has-post-thumbnail","hentry","category-al-dia","category-educacion","category-gobierno"],"_links":{"self":[{"href":"https:\/\/www.semanariolocal.cl\/index.php?rest_route=\/wp\/v2\/posts\/1700","targetHints":{"allow":["GET"]}}],"collection":[{"href":"https:\/\/www.semanariolocal.cl\/index.php?rest_route=\/wp\/v2\/posts"}],"about":[{"href":"https:\/\/www.semanariolocal.cl\/index.php?rest_route=\/wp\/v2\/types\/post"}],"author":[{"embeddable":true,"href":"https:\/\/www.semanariolocal.cl\/index.php?rest_route=\/wp\/v2\/users\/1"}],"replies":[{"embeddable":true,"href":"https:\/\/www.semanariolocal.cl\/index.php?rest_route=%2Fwp%2Fv2%2Fcomments&post=1700"}],"version-history":[{"count":1,"href":"https:\/\/www.semanariolocal.cl\/index.php?rest_route=\/wp\/v2\/posts\/1700\/revisions"}],"predecessor-version":[{"id":1702,"href":"https:\/\/www.semanariolocal.cl\/index.php?rest_route=\/wp\/v2\/posts\/1700\/revisions\/1702"}],"wp:featuredmedia":[{"embeddable":true,"href":"https:\/\/www.semanariolocal.cl\/index.php?rest_route=\/wp\/v2\/media\/1701"}],"wp:attachment":[{"href":"https:\/\/www.semanariolocal.cl\/index.php?rest_route=%2Fwp%2Fv2%2Fmedia&parent=1700"}],"wp:term":[{"taxonomy":"category","embeddable":true,"href":"https:\/\/www.semanariolocal.cl\/index.php?rest_route=%2Fwp%2Fv2%2Fcategories&post=1700"},{"taxonomy":"post_tag","embeddable":true,"href":"https:\/\/www.semanariolocal.cl\/index.php?rest_route=%2Fwp%2Fv2%2Ftags&post=1700"}],"curies":[{"name":"wp","href":"https:\/\/api.w.org\/{rel}","templated":true}]}}