{"id":1697,"date":"2021-08-31T18:33:44","date_gmt":"2021-08-31T22:33:44","guid":{"rendered":"https:\/\/www.semanariolocal.cl\/?p=1697"},"modified":"2021-08-31T18:33:49","modified_gmt":"2021-08-31T22:33:49","slug":"mesa-provincial-antiabigeato-inicia-coordinacion-con-las-comunas","status":"publish","type":"post","link":"https:\/\/www.semanariolocal.cl\/?p=1697","title":{"rendered":"Mesa Provincial Antiabigeato inicia coordinaci\u00f3n  con las comunas"},"content":{"rendered":"\n<p style=\"font-size:17px\">Encabezada por el Delegado Presidencial Provincial, Mario Bello, autoridades retomaron Mesa Antiabigeato Provincial, instancia donde fueron acordadas acciones de fiscalizaci\u00f3n, informaci\u00f3n y educaci\u00f3n para anticipar rigurosidad &nbsp;de los servicios competentes y evitar o prevenir el delito de abigeato en la Provincia de Osorno.<\/p>\n\n\n\n<p style=\"font-size:17px\">En la importante reuni\u00f3n de trabajo, estuvo presente el Fiscal Regional de Foco, Rodrigo Oyarz\u00fan, la Fiscal de Foco a nivel Provincial, Leyla Cha\u00edn, Fiscal Jefe Provincia de Osorno, Mar\u00eda Ang\u00e9lica De Miguel, el Subprefecto de los Servicios Teniente Coronel de Carabineros, Marcelo Salas, Subprefecto de la PDI, Freddy Orellana, el Presidente de Sociedad Agr\u00edcola y Ganadera de Osorno, Christian Arntz, Gerente de SAGO, Jos\u00e9 Antonio Alc\u00e1zar y servicios como SAG e Indap.<\/p>\n\n\n\n<p style=\"font-size:17px\">Seg\u00fan indic\u00f3 el Delegado Presidencial, Mario Bello, la Mesa Antiabigeato Provincial es una instancia que por a\u00f1os, ha dado frutos con un trabajo coordinado y colaborativo, si bien por las distintas contingencias nacionales y locales estuvo en pausa, ahora se retoma con mucha fuerza haciendo part\u00edcipes a distintos actores que se ir\u00e1n sumando a medida se realicen nuevos encuentros de trabajo, porque sostuvo, actualmente se manejan bajos \u00edndices del delito y se espera mantener esta baja incidencia delictual.<\/p>\n\n\n\n<p style=\"font-size:17px\">\u201cEra muy importante para nosotros reactivar esta mesa de trabajo, por lo tanto tuvimos esta primera reuni\u00f3n con la presencia de las polic\u00edas, Fiscal\u00eda, servicios como SAG, INDAP, entre otros, pero es relevante destacar que vamos a ir sumando a importantes actores en esta cadena para sobretodo fortalecer el trabajo en red y preventivo, por lo tanto la comunicaci\u00f3n con las comunas &nbsp;ser\u00e1 fundamental.&nbsp; Esta es una mesa que planifica, que hace diagn\u00f3stico, pero tambi\u00e9n ejecuta acciones de fiscalizaci\u00f3n y presencia en las diferentes comunas donde se produce este delito, que es b\u00e1sicamente rural\u201d, sostuvo el Delegado Presidencial Mario Bello, anunciando una nueva reuni\u00f3n post fiestas patrias en alguna comuna de la Provincia (a definir) para continuar planificando y ejecutando el trabajo del resto del a\u00f1o.<\/p>\n\n\n\n<p style=\"font-size:17px\">En la reuni\u00f3n el Teniente Coronel, Marcelo Salas Carvacho, Prefecto Subrogante de la Prefectura de Carabineros de Osorno, expuso la situaci\u00f3n actual del delito de abigeato dando a conocer que&nbsp; el 2020 fueron en total 113 casos los registrados, que involucran tambi\u00e9n el hurto de animales, y en este presente a\u00f1o, se registran a la fecha 83 acciones delictuales de este tipo, lo que se espera no aumente de forma sustancial ahora que se han levantado algunas medidas restrictivas a causa de la pandemia, por lo que el llamado es a la comunidad para que no compre carne obtenida de manera ilegal.<\/p>\n\n\n\n<p style=\"font-size:17px\">Por su parte, tanto la Fiscal de Focos Investigativos y An\u00e1lisis Criminal, Leyla Cha\u00edn y el Presidente de la Sociedad Agr\u00edcola y Ganadera de Osorno, Christian Arntz, coincidieron en que hoy el llamado fundamental es a las familias, a la comunidad, para que no adquiera carne de dudosa procedencia, aludiendo entre los argumentos que es necesario desincentivar el consumo de carne que no cuenta con certificado de la Autoridad Sanitaria, pues la transmisi\u00f3n de enfermedades por par\u00e1sitos u otros, provoca enfermedades importantes a largo plazo, por ello hoy es relevante estar informado y evitar delitos contra la salud p\u00fablica.<\/p>\n","protected":false},"excerpt":{"rendered":"<p>Encabezada por el Delegado Presidencial Provincial, Mario Bello, autoridades retomaron Mesa Antiabigeato Provincial, instancia donde fueron acordadas acciones de fiscalizaci\u00f3n, informaci\u00f3n y educaci\u00f3n para anticipar rigurosidad &nbsp;de los servicios competentes y evitar o prevenir el delito de abigeato en la Provincia de Osorno. En la importante reuni\u00f3n de trabajo, estuvo presente el Fiscal Regional de&#8230;<a class=\"btnReadMore\" href=\"https:\/\/www.semanariolocal.cl\/?p=1697\"> Leer M\u00e1s<\/a><\/p>\n","protected":false},"author":1,"featured_media":1698,"comment_status":"closed","ping_status":"closed","sticky":false,"template":"","format":"standard","meta":{"footnotes":""},"categories":[20,9],"tags":[],"class_list":["post-1697","post","type-post","status-publish","format-standard","has-post-thumbnail","hentry","category-agro","category-gobierno"],"_links":{"self":[{"href":"https:\/\/www.semanariolocal.cl\/index.php?rest_route=\/wp\/v2\/posts\/1697","targetHints":{"allow":["GET"]}}],"collection":[{"href":"https:\/\/www.semanariolocal.cl\/index.php?rest_route=\/wp\/v2\/posts"}],"about":[{"href":"https:\/\/www.semanariolocal.cl\/index.php?rest_route=\/wp\/v2\/types\/post"}],"author":[{"embeddable":true,"href":"https:\/\/www.semanariolocal.cl\/index.php?rest_route=\/wp\/v2\/users\/1"}],"replies":[{"embeddable":true,"href":"https:\/\/www.semanariolocal.cl\/index.php?rest_route=%2Fwp%2Fv2%2Fcomments&post=1697"}],"version-history":[{"count":1,"href":"https:\/\/www.semanariolocal.cl\/index.php?rest_route=\/wp\/v2\/posts\/1697\/revisions"}],"predecessor-version":[{"id":1699,"href":"https:\/\/www.semanariolocal.cl\/index.php?rest_route=\/wp\/v2\/posts\/1697\/revisions\/1699"}],"wp:featuredmedia":[{"embeddable":true,"href":"https:\/\/www.semanariolocal.cl\/index.php?rest_route=\/wp\/v2\/media\/1698"}],"wp:attachment":[{"href":"https:\/\/www.semanariolocal.cl\/index.php?rest_route=%2Fwp%2Fv2%2Fmedia&parent=1697"}],"wp:term":[{"taxonomy":"category","embeddable":true,"href":"https:\/\/www.semanariolocal.cl\/index.php?rest_route=%2Fwp%2Fv2%2Fcategories&post=1697"},{"taxonomy":"post_tag","embeddable":true,"href":"https:\/\/www.semanariolocal.cl\/index.php?rest_route=%2Fwp%2Fv2%2Ftags&post=1697"}],"curies":[{"name":"wp","href":"https:\/\/api.w.org\/{rel}","templated":true}]}}