{"id":1691,"date":"2021-08-31T08:31:00","date_gmt":"2021-08-31T12:31:00","guid":{"rendered":"https:\/\/www.semanariolocal.cl\/?p=1691"},"modified":"2021-08-31T15:00:15","modified_gmt":"2021-08-31T19:00:15","slug":"gobernadores-reg-fortalecen-trabajo-en-regiones-de-convencion-constituyente","status":"publish","type":"post","link":"https:\/\/www.semanariolocal.cl\/?p=1691","title":{"rendered":"Gobernadores Reg. fortalecen trabajo en regiones de Convenci\u00f3n Constituyente"},"content":{"rendered":"\n<p style=\"font-size:17px\">Tras la \u00faltima reuni\u00f3n en la ciudad de Santiago, entre gobernadores regionales y la Mesa de la Comisi\u00f3n Constituyente, finalmente se firm\u00f3 el acuerdo entre ambos organismos para potenciar el trabajo en regiones, lo cual, se enmarca dentro del fuerte proceso de descentralizaci\u00f3n que est\u00e1n impulsando los gobernadores regionales.<\/p>\n\n\n\n<p style=\"font-size:17px\">Con la firma de los 16 Gobernadores Regionales y representantes de la Mesa de la Convenci\u00f3n Constituyente, se pudo concretar el convenio para fortalecer y priorizar el trabajo con regiones, lo cual, se enmarca dentro del proceso de descentralizaci\u00f3n que se encuentran impulsando las autoridades regionales. Con ello, tambi\u00e9n se permitir\u00e1 que parte de los constituyentes puedan sesionar y trabajar en los diversos territorios.<\/p>\n\n\n\n<p style=\"font-size:17px\">Para el Gobernador de la regi\u00f3n de Los Lagos, Patricio Vallespin, la firma de este convenio, resulta ser de importancia, pues, este es parte del compromiso que ellos como autoridades asumieron con la ciudadan\u00eda, \u201clos gobiernos regionales queremos aportar a la tarea de los constituyentes, porque la constituci\u00f3n tiene que ser de todos y de todas, de todos los territorios y que toda le gente se sienta participe de eso y que sus reflexiones, sus deliberaciones se haga en cada territorio\u201d.<\/p>\n\n\n\n<p style=\"font-size:17px\">Este acuerdo tambi\u00e9n incluye, trabajar en conjunto con alcaldes y tambi\u00e9n representantes de las universidades locales, ello, con el objetivo de facilitar estos espacios de di\u00e1logo para que la ciudadan\u00eda pueda interactuar con los constituyentes, tal como lo coment\u00f3 el Gobernador Vallespin, \u201cnosotros nos ponemos a disposici\u00f3n para ayudar en la log\u00edstica,&nbsp;&nbsp;articulando con las universidades regionales y municipios, para que de esta manera, cada habitante de nuestra regi\u00f3n pueda tener participaci\u00f3n en este momento tan hist\u00f3rico\u201d.<\/p>\n","protected":false},"excerpt":{"rendered":"<p>Tras la \u00faltima reuni\u00f3n en la ciudad de Santiago, entre gobernadores regionales y la Mesa de la Comisi\u00f3n Constituyente, finalmente se firm\u00f3 el acuerdo entre ambos organismos para potenciar el trabajo en regiones, lo cual, se enmarca dentro del fuerte proceso de descentralizaci\u00f3n que est\u00e1n impulsando los gobernadores regionales. Con la firma de los 16&#8230;<a class=\"btnReadMore\" href=\"https:\/\/www.semanariolocal.cl\/?p=1691\"> Leer M\u00e1s<\/a><\/p>\n","protected":false},"author":1,"featured_media":1692,"comment_status":"closed","ping_status":"closed","sticky":false,"template":"","format":"standard","meta":{"footnotes":""},"categories":[6],"tags":[],"class_list":["post-1691","post","type-post","status-publish","format-standard","has-post-thumbnail","hentry","category-politica"],"_links":{"self":[{"href":"https:\/\/www.semanariolocal.cl\/index.php?rest_route=\/wp\/v2\/posts\/1691","targetHints":{"allow":["GET"]}}],"collection":[{"href":"https:\/\/www.semanariolocal.cl\/index.php?rest_route=\/wp\/v2\/posts"}],"about":[{"href":"https:\/\/www.semanariolocal.cl\/index.php?rest_route=\/wp\/v2\/types\/post"}],"author":[{"embeddable":true,"href":"https:\/\/www.semanariolocal.cl\/index.php?rest_route=\/wp\/v2\/users\/1"}],"replies":[{"embeddable":true,"href":"https:\/\/www.semanariolocal.cl\/index.php?rest_route=%2Fwp%2Fv2%2Fcomments&post=1691"}],"version-history":[{"count":1,"href":"https:\/\/www.semanariolocal.cl\/index.php?rest_route=\/wp\/v2\/posts\/1691\/revisions"}],"predecessor-version":[{"id":1693,"href":"https:\/\/www.semanariolocal.cl\/index.php?rest_route=\/wp\/v2\/posts\/1691\/revisions\/1693"}],"wp:featuredmedia":[{"embeddable":true,"href":"https:\/\/www.semanariolocal.cl\/index.php?rest_route=\/wp\/v2\/media\/1692"}],"wp:attachment":[{"href":"https:\/\/www.semanariolocal.cl\/index.php?rest_route=%2Fwp%2Fv2%2Fmedia&parent=1691"}],"wp:term":[{"taxonomy":"category","embeddable":true,"href":"https:\/\/www.semanariolocal.cl\/index.php?rest_route=%2Fwp%2Fv2%2Fcategories&post=1691"},{"taxonomy":"post_tag","embeddable":true,"href":"https:\/\/www.semanariolocal.cl\/index.php?rest_route=%2Fwp%2Fv2%2Ftags&post=1691"}],"curies":[{"name":"wp","href":"https:\/\/api.w.org\/{rel}","templated":true}]}}