{"id":16265,"date":"2023-12-13T11:00:00","date_gmt":"2023-12-13T14:00:00","guid":{"rendered":"https:\/\/www.semanariolocal.cl\/?p=16265"},"modified":"2023-12-14T11:17:34","modified_gmt":"2023-12-14T14:17:34","slug":"estudiante-de-santo-tomas-osorno-es-becada-para-estudiar-en-espana","status":"publish","type":"post","link":"https:\/\/www.semanariolocal.cl\/?p=16265","title":{"rendered":"Estudiante de Santo Tom\u00e1s Osorno es becada para estudiar en Espa\u00f1a"},"content":{"rendered":"\n<p>Gabriela Paz Mendoza Ruiz, estudiante de Enfermer\u00eda de Santo Tom\u00e1s Osorno de 27 a\u00f1os, fue seleccionada para realizar un periodo de intercambio presencial de un semestre acad\u00e9mico en una instituci\u00f3n extranjera en convenio con Santo Tom\u00e1s, el Banco Santander y la Universidad de Granada en Espa\u00f1a.<\/p>\n\n\n\n<p>Para la Directora de la Escuela de Enfermer\u00eda, Ana C\u00e1ceres Urrutia, \u201ces una importante experiencia personal y como futura profesional del \u00e1rea de enfermer\u00eda; en la cual la alumna realizar\u00e1 una pasant\u00eda internacional durante el primer semestre de 2024 en una instituci\u00f3n en convenio elegida por ella en Espa\u00f1a. La alumna ejercer\u00e1 su rol como interna de enfermer\u00eda, ya que posee las competencias que le aporta su pregrado para poner en pr\u00e1ctica lo aprendido en estos a\u00f1os y ejecutar bajo supervisi\u00f3n del equipo de salud su rol como futura profesional. Los conocimientos y experiencias adquiridas en esta pasant\u00eda permitir\u00e1n a nuestra alumna fortalecer su vocaci\u00f3n y conocer una realidad de salud distinta a la de nuestro pa\u00eds. Una experiencia como esta ser\u00e1 inolvidable y crea precedente para incentivar a otros estudiantes a postular a esta beca\u201d.<\/p>\n\n\n\n<p>Se trata de una convocatoria anual organizada por el Banco Santander y para postular se realiza v\u00eda web a la <a>Beca Santander Movilidad Internacional, para alumnos de pregrado de Santo Tom\u00e1s Osorno.<\/a><\/p>\n\n\n\n<p>Entre los requisitos a postulaci\u00f3n se encuentran los siguientes: Ser alumno regular y vigente al momento de postular y al ejecutar la beca, haber finalizado los dos primeros a\u00f1os de carrera, poseer nota promedio sobre 5.0., tener aprobadas todas sus asignaturas al momento de postular, reintegrarse el semestre siguiente despu\u00e9s del intercambio y cumplir con el requisito de idioma de la Instituci\u00f3n extranjera (para instituciones de pa\u00edses no hispanohablantes).<\/p>\n\n\n\n<p>Por su parte, la joven originaria de Osorno dijo que se enter\u00f3 de la beca \u201ca trav\u00e9s de internet, lo consult\u00e9 con una profesora de Santo Tom\u00e1s y ella me entreg\u00f3 m\u00e1s informaci\u00f3n y experiencia\u201d.<\/p>\n\n\n\n<p>Ante esta gran oportunidad de aprendizaje y conocimiento generada gracias a la alianza entre las Instituciones Santo Tom\u00e1s Osorno y el Banco Santander, \u201csiento que es una gran oportunidad que me abrir\u00e1 un mont\u00f3n de puertas en el mundo de la enfermer\u00eda, adem\u00e1s es una linda oportunidad para poder crecer como futura profesional y tambi\u00e9n como persona. Se sabe que Espa\u00f1a es un pa\u00eds muy conocido por tener una buena reputaci\u00f3n en materia de salud y me gustar\u00eda nutrir a\u00fan m\u00e1s mis conocimientos y poder intercambiarlos de un continente a otro para implementarlos y compartirlos en el mundo laboral a futuro\u201d, concluy\u00f3.<\/p>\n","protected":false},"excerpt":{"rendered":"<p>La estudiante de enfermer\u00eda, Gabriela Mendoza Ruiz, fue beneficiaria de la Beca Santander Movilidad Internacional, para alumnos de pregrado de Santo Tom\u00e1s. Pr\u00f3ximamente, vivir\u00e1 su experiencia de intercambio el primer semestre de 2024.<\/p>\n","protected":false},"author":1,"featured_media":16266,"comment_status":"closed","ping_status":"closed","sticky":false,"template":"","format":"standard","meta":{"footnotes":""},"categories":[3,11],"tags":[2118,77,337,273,132,247,2359,133,329],"class_list":["post-16265","post","type-post","status-publish","format-standard","has-post-thumbnail","hentry","category-al-dia","category-educacion","tag-semanariolocal","tag-educacion","tag-informacion","tag-noticias","tag-osorno","tag-region-de-los-lagos","tag-santo-tomas-osorno","tag-semanario-local","tag-ust"],"_links":{"self":[{"href":"https:\/\/www.semanariolocal.cl\/index.php?rest_route=\/wp\/v2\/posts\/16265","targetHints":{"allow":["GET"]}}],"collection":[{"href":"https:\/\/www.semanariolocal.cl\/index.php?rest_route=\/wp\/v2\/posts"}],"about":[{"href":"https:\/\/www.semanariolocal.cl\/index.php?rest_route=\/wp\/v2\/types\/post"}],"author":[{"embeddable":true,"href":"https:\/\/www.semanariolocal.cl\/index.php?rest_route=\/wp\/v2\/users\/1"}],"replies":[{"embeddable":true,"href":"https:\/\/www.semanariolocal.cl\/index.php?rest_route=%2Fwp%2Fv2%2Fcomments&post=16265"}],"version-history":[{"count":1,"href":"https:\/\/www.semanariolocal.cl\/index.php?rest_route=\/wp\/v2\/posts\/16265\/revisions"}],"predecessor-version":[{"id":16267,"href":"https:\/\/www.semanariolocal.cl\/index.php?rest_route=\/wp\/v2\/posts\/16265\/revisions\/16267"}],"wp:featuredmedia":[{"embeddable":true,"href":"https:\/\/www.semanariolocal.cl\/index.php?rest_route=\/wp\/v2\/media\/16266"}],"wp:attachment":[{"href":"https:\/\/www.semanariolocal.cl\/index.php?rest_route=%2Fwp%2Fv2%2Fmedia&parent=16265"}],"wp:term":[{"taxonomy":"category","embeddable":true,"href":"https:\/\/www.semanariolocal.cl\/index.php?rest_route=%2Fwp%2Fv2%2Fcategories&post=16265"},{"taxonomy":"post_tag","embeddable":true,"href":"https:\/\/www.semanariolocal.cl\/index.php?rest_route=%2Fwp%2Fv2%2Ftags&post=16265"}],"curies":[{"name":"wp","href":"https:\/\/api.w.org\/{rel}","templated":true}]}}