{"id":16216,"date":"2023-12-09T08:31:00","date_gmt":"2023-12-09T11:31:00","guid":{"rendered":"https:\/\/www.semanariolocal.cl\/?p=16216"},"modified":"2023-12-09T17:46:15","modified_gmt":"2023-12-09T20:46:15","slug":"municipalidad-de-la-union-reconoce-a-santo-tomas-osorno-por-aporte-en-area-de-salud","status":"publish","type":"post","link":"https:\/\/www.semanariolocal.cl\/?p=16216","title":{"rendered":"Municipalidad de La Uni\u00f3n reconoce a Santo Tom\u00e1s Osorno por aporte en \u00e1rea de salud"},"content":{"rendered":"\n<p>Como una forma de agradecimiento por su vinculaci\u00f3n y participaci\u00f3n en el desarrollo de actividades y atenciones en salud, Santo Tom\u00e1s Osorno recibi\u00f3 un reconocimiento de la Ilustre Municipalidad de La Uni\u00f3n a trav\u00e9s del Programa Municipal de Apoyos y Cuidados, momento que se efectu\u00f3 durante la actividad de cierre del Mes del Cuidador realizado en el Estadio Carlos Vogel de la comuna de La Uni\u00f3n.<\/p>\n\n\n\n<p>Dicho gesto por el municipio de la capital de la Provincia del Ranco, viene a reforzar la relevancia del trabajo intersectorial en favor de la comunidad, en este caso particular, el beneficio otorgado a las y los cuidadores del programa en el \u00e1rea de salud, destacando las atenciones dentales, podol\u00f3gicas, screening auditivo y actividades recreativas de baile entretenido, todas estas realizadas por estudiantes de las carreras de T\u00e9cnico en Odontolog\u00eda menci\u00f3n Higienista Dental (CFT), T\u00e9cnico en Podolog\u00eda Cl\u00ednica (CFT), Preparador F\u00edsico (CFT) y Fonoaudiolog\u00eda (UST).<\/p>\n\n\n\n<p>En este sentido, la coordinadora de Campos Cl\u00ednicos de Santo Tom\u00e1s Osorno, Loreto Catal\u00e1n, se\u00f1al\u00f3 que \u201cesto demuestra el trabajo de c\u00f3mo hemos ido avanzando como instituci\u00f3n con nuestras contrapartes a trav\u00e9s de los convenios, donde no s\u00f3lo se han realizado pasant\u00edas de pr\u00e1ctica de nuestros estudiantes, sino que tambi\u00e9n hemos cambiado vidas con este tipo de atenciones que son retribuciones tangibles, no tan s\u00f3lo para la comunidad, incluso para los funcionarios porque son los que est\u00e1n directamente con nuestros estudiantes. Entonces este a\u00f1o b\u00e1sicamente nuestro trabajo desde campos cl\u00ednicos que, adem\u00e1s de ubicar a nuestros estudiantes, se ha basado en trabajar desde y para la comunidad\u201d.<\/p>\n\n\n\n<p>Por su parte, Karin Ram\u00edrez, encargada comunal del Programa Apoyos y Cuidados, afirm\u00f3 que \u201cpara el Programa Municipal de Apoyos de nuestra Municipalidad de La Uni\u00f3n, es importante generar alianzas estrat\u00e9gicas con casas de estudios superiores, donde ambas partes se vean beneficiadas a trav\u00e9s de un trabajo intersectorial en favor de poder generar espacios destinados a cuidadoras y cuidadores de personas mayores con dependencia de la comuna, siendo este un grupo objetivo que muchas veces est\u00e1 invisibilizado, por lo cual este ha sido un gran desaf\u00edo para nuestro programa en relevar esta tem\u00e1tica tanto en la comuna, provincia y regi\u00f3n, y que este sea una pol\u00edtica de estado. Agradecemos enormemente a la Santo Tom\u00e1s Osorno por su destacada participaci\u00f3n y vinculaci\u00f3n con nuestro programa, que esperamos mantener en el a\u00f1o 2024\u201d.<\/p>\n\n\n\n<p>Destacar tambi\u00e9n que el Programa Municipal de Apoyos y Cuidados recibi\u00f3 a estudiantes de Terapia Ocupacional de la Universidad Santo Tom\u00e1s Osorno en el marco de su proceso de internado profesional, permitiendo as\u00ed aplicar sus conocimientos y habilidades a favor de mejorar la calidad de vida, tanto de las personas con dependencia y sus cuidadores, as\u00ed lo explic\u00f3 el coordinador del Programa Apoyos y Cuidados, Alfredo Sol\u00eds, \u201cdurante este a\u00f1o hemos podido concretar y desarrollar un trabajo colaborativo y coordinado junto a Santo Tom\u00e1s Osorno, donde se han efectuado operativos dirigidos a cuidadoras y cuidadores de la comuna como atenciones podol\u00f3gicas, limpieza dental, screeaning auditivo y actividades recreativas como zumba. Por \u00faltimo, mencionar que en nuestro centro de pr\u00e1ctica hemos estado recibiendo alumnos de Terapia Ocupacional en el marco de su proceso de internado profesional, lo que sin duda vienen a fortalecer el trabajo ya desarrollado con las personas con dependencia y sus cuidadores\u201d.<\/p>\n\n\n\n<p>En representaci\u00f3n de la casa de estudios, recibi\u00f3 el reconocimiento la Directora de carrera de Terapia Ocupacional de la Universidad Santo Tom\u00e1s Osorno, Yoselyn Opazo, quien a\u00f1adi\u00f3 que esta fue una oportunidad relevante para la formaci\u00f3n de los futuros profesionales \u00abel reconocimiento recibido es significativo para nuestros estudiantes de la carrera de Terapia Ocupacional, ya que refleja el trabajo realizado durante estos a\u00f1os en la comunidad, en especial, permite conocer la realidad que viven miles de personas mayores y sus familias actualmente. Esperamos que este v\u00ednculo perdure en el tiempo y nuestros estudiantes puedan desplegar todas las competencias y conocimientos aprendidos durante su formaci\u00f3n acad\u00e9mica, y contin\u00faen aportando en la realidad local de nuestra regi\u00f3n\u00bb.<\/p>\n\n\n\n<p>Esto es resultado del convenio vigente entre ambas instituciones el cual se espera continuar fortaleciendo el pr\u00f3ximo a\u00f1o, as\u00ed como extender a otras comunas de la Provincia del Ranco y Osorno.<\/p>\n","protected":false},"excerpt":{"rendered":"<p>El trabajo colaborativo desarrollado entre ambas entidades permiti\u00f3 otorgar prestaciones de salud dirigidas a las y los cuidadores y personas mayores con dependencia, pertenecientes al programa ejecutado por el municipio.<\/p>\n","protected":false},"author":1,"featured_media":16217,"comment_status":"closed","ping_status":"closed","sticky":false,"template":"","format":"standard","meta":{"footnotes":""},"categories":[8,11,2484],"tags":[2118,246,77,337,2576,273,132,247,133,373],"class_list":["post-16216","post","type-post","status-publish","format-standard","has-post-thumbnail","hentry","category-comunas","category-educacion","category-salud","tag-semanariolocal","tag-comunas","tag-educacion","tag-informacion","tag-la-union-2","tag-noticias","tag-osorno","tag-region-de-los-lagos","tag-semanario-local","tag-universidad-santo-tomas"],"_links":{"self":[{"href":"https:\/\/www.semanariolocal.cl\/index.php?rest_route=\/wp\/v2\/posts\/16216","targetHints":{"allow":["GET"]}}],"collection":[{"href":"https:\/\/www.semanariolocal.cl\/index.php?rest_route=\/wp\/v2\/posts"}],"about":[{"href":"https:\/\/www.semanariolocal.cl\/index.php?rest_route=\/wp\/v2\/types\/post"}],"author":[{"embeddable":true,"href":"https:\/\/www.semanariolocal.cl\/index.php?rest_route=\/wp\/v2\/users\/1"}],"replies":[{"embeddable":true,"href":"https:\/\/www.semanariolocal.cl\/index.php?rest_route=%2Fwp%2Fv2%2Fcomments&post=16216"}],"version-history":[{"count":1,"href":"https:\/\/www.semanariolocal.cl\/index.php?rest_route=\/wp\/v2\/posts\/16216\/revisions"}],"predecessor-version":[{"id":16218,"href":"https:\/\/www.semanariolocal.cl\/index.php?rest_route=\/wp\/v2\/posts\/16216\/revisions\/16218"}],"wp:featuredmedia":[{"embeddable":true,"href":"https:\/\/www.semanariolocal.cl\/index.php?rest_route=\/wp\/v2\/media\/16217"}],"wp:attachment":[{"href":"https:\/\/www.semanariolocal.cl\/index.php?rest_route=%2Fwp%2Fv2%2Fmedia&parent=16216"}],"wp:term":[{"taxonomy":"category","embeddable":true,"href":"https:\/\/www.semanariolocal.cl\/index.php?rest_route=%2Fwp%2Fv2%2Fcategories&post=16216"},{"taxonomy":"post_tag","embeddable":true,"href":"https:\/\/www.semanariolocal.cl\/index.php?rest_route=%2Fwp%2Fv2%2Ftags&post=16216"}],"curies":[{"name":"wp","href":"https:\/\/api.w.org\/{rel}","templated":true}]}}