{"id":16138,"date":"2023-12-04T09:28:49","date_gmt":"2023-12-04T12:28:49","guid":{"rendered":"https:\/\/www.semanariolocal.cl\/?p=16138"},"modified":"2023-12-05T09:41:01","modified_gmt":"2023-12-05T12:41:01","slug":"se-abre-la-epoca-del-pan-de-pascua-recomendaciones-para-un-producto-que-amas","status":"publish","type":"post","link":"https:\/\/www.semanariolocal.cl\/?p=16138","title":{"rendered":"Se abre la \u00e9poca del pan de pascua: recomendaciones para un producto que amas"},"content":{"rendered":"\n<p>Avizorando una nueva temporada navide\u00f1a, el pan de pascua, creaci\u00f3n que despierta amores y odios, vuelve a conquistar nuestras mesas. Desde sus irresistibles aromas hasta su variada mezcla de sabores, este manjar chileno, heredero del panettone italiano y del stollen alem\u00e1n, se ha convertido en un cl\u00e1sico indiscutible de las festividades.<\/p>\n\n\n\n<p>Ya sea que lo amen por su textura h\u00fameda y esponjosa, o que lo odien por la presencia de frutas confitadas, el pan de pascua tiene el poder de unir a familiares y amigos alrededor de la mesa navide\u00f1a. Sin embargo, al aumentar su consumo se tiende a pasar por la cantidad de calor\u00edas que aporta un trozo o porci\u00f3n de este producto. Es m\u00e1s, es considerado como un alimento hipercal\u00f3rico, lo que se puede ver reflejado a trav\u00e9s de la presencia de sellos en el envase. Es justamente por esa raz\u00f3n que hay que consumirlo con moderaci\u00f3n.<\/p>\n\n\n\n<p>\u201cComo cualquier alimento, la porci\u00f3n ideal&nbsp;de&nbsp;pan&nbsp;de&nbsp;pascua&nbsp;puede variar seg\u00fan las necesidades cal\u00f3ricas individuales, pero generalmente se recomienda una porci\u00f3n&nbsp;de&nbsp;una rebanada,&nbsp;lo cual se traduce en 200-250 calor\u00edas, lo cual es bastante razonable para el requerimiento energ\u00e9tico diario&nbsp;de&nbsp;una persona promedio. Esto permite disfrutar&nbsp;de&nbsp;este producto navide\u00f1o, pero sin excederse en calor\u00edas y az\u00facares\u201d, apunta el jefe de carrera de&nbsp;<a href=\"https:\/\/www.uoh.cl\/escuela-de-salud\/carreras\/nutricion-y-dietetica\/\" target=\"_blank\" rel=\"noreferrer noopener\">Nutrici\u00f3n y Diet\u00e9tica<\/a>&nbsp;de la&nbsp;<a href=\"http:\/\/www.uoh.cl\/\" target=\"_blank\" rel=\"noreferrer noopener\">Universidad de O\u2019Higgins<\/a>&nbsp;(UOH),&nbsp;<a href=\"https:\/\/www.uoh.cl\/escuela-de-salud\/equipo\/juan-pablo-espejo\/\" target=\"_blank\" rel=\"noreferrer noopener\">Juan Pablo Espejo<\/a>.<\/p>\n\n\n\n<p>Las etiquetas de alto en az\u00facares y alto en calor\u00edas, son los primeros indicadores que advierten que no se trata de un producto que se deba consumir libremente, por lo tanto, este es el principal llamado de atenci\u00f3n a los consumidores para que lo coman de forma mesurada. \u201cEl consumo excesivo&nbsp;de&nbsp;alimentos ricos en calor\u00edas, grasas y alcohol puede contribuir al aumento&nbsp;de&nbsp;peso y afectar la salud cardiovascular. Por eso, es importante disfrutar del&nbsp;pan&nbsp;de&nbsp;pascua&nbsp;y otros alimentos&nbsp;de&nbsp;las \u00e9pocas navide\u00f1as con moderaci\u00f3n y equilibrarlos con opciones m\u00e1s saludables, como frutas, verduras y prote\u00ednas magras\u201d, agreg\u00f3 el profesional.<\/p>\n\n\n\n<p>Pero, \u00bfda lo mismo la marca elegida? Para Juan Pablo Espejo la respuesta es negativa. \u201cEs importante revisar la etiqueta nutricional. En ese&nbsp;sentido, sugiero comparar distintas marcas y, seg\u00fan las opciones disponibles, elegir el&nbsp;pan&nbsp;de&nbsp;pascua&nbsp;que tenga un menor contenido&nbsp;de&nbsp;az\u00facares y grasas saturadas por porci\u00f3n. Si el consumidor hace este an\u00e1lisis, entonces la elecci\u00f3n&nbsp;de&nbsp;distintas variedades (con o sin frutas confitadas, con o sin frutos secos, etc\u00e9tera) va a depender netamente&nbsp;de&nbsp;las preferencias personales\u201d.<\/p>\n\n\n\n<p>Actualmente, cerca de un 14% de la poblaci\u00f3n chilena presenta diabetes, enfermedad que representa un grave problema de salud p\u00fablica para el pa\u00eds. Esta cifra, adem\u00e1s, ha ido en aumento en los \u00faltimos a\u00f1os, en gran medida por el exceso de peso y el alto consumo de alimentos procesados. \u201cSi bien las personas con diabetes tipo 2 deben controlar su ingesta&nbsp;de&nbsp;az\u00facares, esto no significa que tengan prohibido el consumo&nbsp;de&nbsp;pan&nbsp;de&nbsp;pascua. Pueden optar por recetas adaptadas sin az\u00facares a\u00f1adidos, o bien consumirlo en cantidades peque\u00f1as, para controlar la ingesta&nbsp;de&nbsp;hidratos&nbsp;de&nbsp;carbono. Sin embargo, siempre ser\u00e1 recomendable consultar con un profesional nutricionista para personalizar las recomendaciones seg\u00fan las necesidades individuales\u201d, asegur\u00f3 Juan Pablo Espejo.<\/p>\n\n\n\n<p>Finalmente, el jefe de carrera de Nutrici\u00f3n y Diet\u00e9tica asegur\u00f3 que el pan de pascua casero \u201cbrinda al usuario control sobre los ingredientes, permiti\u00e9ndole ajustar recetas para hacerlas m\u00e1s saludables. Si por comodidad prefieren comprar en comercios, sugiero preferir marcas que ofrezcan opciones con ingredientes\u00a0de\u00a0calidad y que, como mencion\u00e9 anteriormente, tengan un aporte relativamente bajo\u00a0de\u00a0az\u00facares, grasas y calor\u00edas; con la menor cantidad posible\u00a0de\u00a0sellos\u00a0de\u00a0advertencia\u201d.<\/p>\n\n\n\n<hr class=\"wp-block-separator has-alpha-channel-opacity\"\/>\n\n\n\n<p>De todos modos &#8230;le dejamos la receta &#8230;.<\/p>\n\n\n\n<p>Pan de Pascua<\/p>\n\n\n\n<p>Ingredientes<\/p>\n\n\n\n<ul class=\"wp-block-list\">\n<li>100 gr de pasas corinto<\/li>\n\n\n\n<li>100 gr de nueces<\/li>\n\n\n\n<li>100 gr de frutas confitadas<\/li>\n\n\n\n<li>100 gr de almendras<\/li>\n\n\n\n<li>100 gr de pasas rubias<\/li>\n\n\n\n<li>2 tazas de az\u00facar<\/li>\n\n\n\n<li>1 cucharada de&nbsp;<a href=\"http:\/\/www.gourmet.cl\/producto\/canela-molida\/\">Canela Molida Gourmet<\/a><\/li>\n\n\n\n<li>1 cucharadita de&nbsp;<a href=\"http:\/\/www.gourmet.cl\/producto\/clavo-de-olor-molido\/\">Clavo de Olor Molido Gourmet<\/a><\/li>\n\n\n\n<li>1 cucharada de&nbsp;<a href=\"http:\/\/www.gourmet.cl\/producto\/esencia-de-pan-de-pascua\/\">Esencia de Pan de Pascua Gourmet<\/a><\/li>\n\n\n\n<li>1 cucharada de<a href=\"http:\/\/www.gourmet.cl\/producto\/esencia-de-ron\/\">&nbsp;Esencia de Ron Gourmet<\/a><\/li>\n\n\n\n<li>1\/2 taza de agua<\/li>\n\n\n\n<li>250 gr de mantequilla sin sal<\/li>\n\n\n\n<li>5 huevos<\/li>\n\n\n\n<li>500 gr de harina<\/li>\n\n\n\n<li>1 cucharadita de&nbsp;<a href=\"http:\/\/www.gourmet.cl\/producto\/polvos-de-hornear\/\">Polvos de Hornear Gourmet<\/a><\/li>\n\n\n\n<li>1 cucharadita de&nbsp;<a href=\"http:\/\/www.gourmet.cl\/producto\/bicarbonato\/\">Bicarbonato Gourmet<\/a><\/li>\n<\/ul>\n\n\n\n<ol class=\"wp-block-list\">\n<li>En un bowl, mezclar las pasas rubias, pasas corinto, nueces, frutas confitadas y almendras con 1\/2 taza de az\u00facar. Luego, agregar las especias (<a href=\"http:\/\/www.gourmet.cl\/producto\/canela-molida\/\">canela molida Gourmet y<\/a>&nbsp;<a href=\"http:\/\/www.gourmet.cl\/producto\/clavo-de-olor-molido\/\">clavo de olor molido Gourmet<\/a>), las esencias (<a href=\"http:\/\/www.gourmet.cl\/producto\/esencia-de-ron\/\">esencia de ron Gourmet<\/a>&nbsp;y<a href=\"http:\/\/www.gourmet.cl\/producto\/esencia-de-pan-de-pascua\/\">&nbsp;esencia de pan de pascua Gourmet<\/a>) y el agua. Revolver bien y reservar durante toda la noche.<\/li>\n\n\n\n<li>Al d\u00eda siguiente, batir la mantequilla con 1 taza de az\u00facar hasta tener una mezcla p\u00e1lida y cremosa. Agregar 5 yemas de huevo de a uno, batiendo bien antes de incorporar la yema siguiente. Incorporar la mezcla de pasas, nueces y almendras sobre la mezcla de mantequilla, revolver bien y reservar.<\/li>\n\n\n\n<li>En un bowl agregar la harina, los&nbsp;<a href=\"http:\/\/www.gourmet.cl\/producto\/polvos-de-hornear\/\">polvos de hornear Gourmet&nbsp;<\/a>y el&nbsp;<a href=\"http:\/\/www.gourmet.cl\/producto\/bicarbonato\/\">Bicarbonato Gourmet<\/a>. Mezclar bien y echar sobre la mezcla de frutos secos. Revolver hasta integrar y formar una masa. Reservar.<\/li>\n\n\n\n<li>Batir las 5 claras de huevos con 1\/2 taza de az\u00facar hasta lograr textura de merengue.&nbsp;Vaciar el merengue sobre la masa de pan de pascua y revolver de forma envolvente.<\/li>\n\n\n\n<li>Poner la mezcla en un molde y en el horno pre calentado poner el pan de pascua a hornear por 45 minutos o hasta que al meter un palo al medio, \u00e9ste salga seco.<\/li>\n<\/ol>\n\n\n\n<p><\/p>\n","protected":false},"excerpt":{"rendered":"<p> El producto, muy cotizado cada fin de a\u00f1o, contiene una gran cantidad de calor\u00edas, por lo que es fundamental moderar su consumo y as\u00ed, cuidar la ingesta de az\u00facar.<\/p>\n","protected":false},"author":1,"featured_media":16139,"comment_status":"closed","ping_status":"closed","sticky":false,"template":"","format":"standard","meta":{"footnotes":""},"categories":[3],"tags":[2118,273,132,247,133],"class_list":["post-16138","post","type-post","status-publish","format-standard","has-post-thumbnail","hentry","category-al-dia","tag-semanariolocal","tag-noticias","tag-osorno","tag-region-de-los-lagos","tag-semanario-local"],"_links":{"self":[{"href":"https:\/\/www.semanariolocal.cl\/index.php?rest_route=\/wp\/v2\/posts\/16138","targetHints":{"allow":["GET"]}}],"collection":[{"href":"https:\/\/www.semanariolocal.cl\/index.php?rest_route=\/wp\/v2\/posts"}],"about":[{"href":"https:\/\/www.semanariolocal.cl\/index.php?rest_route=\/wp\/v2\/types\/post"}],"author":[{"embeddable":true,"href":"https:\/\/www.semanariolocal.cl\/index.php?rest_route=\/wp\/v2\/users\/1"}],"replies":[{"embeddable":true,"href":"https:\/\/www.semanariolocal.cl\/index.php?rest_route=%2Fwp%2Fv2%2Fcomments&post=16138"}],"version-history":[{"count":1,"href":"https:\/\/www.semanariolocal.cl\/index.php?rest_route=\/wp\/v2\/posts\/16138\/revisions"}],"predecessor-version":[{"id":16140,"href":"https:\/\/www.semanariolocal.cl\/index.php?rest_route=\/wp\/v2\/posts\/16138\/revisions\/16140"}],"wp:featuredmedia":[{"embeddable":true,"href":"https:\/\/www.semanariolocal.cl\/index.php?rest_route=\/wp\/v2\/media\/16139"}],"wp:attachment":[{"href":"https:\/\/www.semanariolocal.cl\/index.php?rest_route=%2Fwp%2Fv2%2Fmedia&parent=16138"}],"wp:term":[{"taxonomy":"category","embeddable":true,"href":"https:\/\/www.semanariolocal.cl\/index.php?rest_route=%2Fwp%2Fv2%2Fcategories&post=16138"},{"taxonomy":"post_tag","embeddable":true,"href":"https:\/\/www.semanariolocal.cl\/index.php?rest_route=%2Fwp%2Fv2%2Ftags&post=16138"}],"curies":[{"name":"wp","href":"https:\/\/api.w.org\/{rel}","templated":true}]}}