{"id":16135,"date":"2023-12-04T10:48:00","date_gmt":"2023-12-04T13:48:00","guid":{"rendered":"https:\/\/www.semanariolocal.cl\/?p=16135"},"modified":"2023-12-04T23:17:40","modified_gmt":"2023-12-05T02:17:40","slug":"oficina-tecnica-de-inia-se-traslado-a-instalaciones-de-ulagos-chiloe","status":"publish","type":"post","link":"https:\/\/www.semanariolocal.cl\/?p=16135","title":{"rendered":"Oficina T\u00e9cnica de INIA se traslad\u00f3 a Instalaciones de ULagos Chilo\u00e9\u00a0"},"content":{"rendered":"\n<p>La instalaci\u00f3n de la Oficina T\u00e9cnica de INIA en Chilo\u00e9 en la sede de la Universidad de Los Lagos (ULagos) ubicada en la ciudad de Castro en el archipi\u00e9lago de Chilo\u00e9, es un nuevo paso que est\u00e1n dando ambas instituciones en el marco del convenio que renovaron hace algunas semanas en Osorno, el rector de la universidad Oscar Garrido y la directora nacional del Instituto de Investigaciones Agropecuarias (INIA), Iris Lobos.<\/p>\n\n\n\n<p>El objetivo del convenio es establecer y regular la colaboraci\u00f3n en la ejecuci\u00f3n de proyectos de investigaci\u00f3n, desarrollo e innovaci\u00f3n, respecto a \u00e1reas que son comunes tanto para INIA como para la Universidad de Los Lagos, ya sea a trav\u00e9s de fondos p\u00fablicos, privados o proyectos patrocinados y ejecutados por la ULagos e INIA.&nbsp;<\/p>\n\n\n\n<p>Adem\u00e1s, el convenio permite desarrollar actividades de extensi\u00f3n y transferencia tecnol\u00f3gica y de conocimiento como tambi\u00e9n colaborar en la realizaci\u00f3n de pr\u00e1cticas, tesis y trabajos de investigaci\u00f3n de estudiantes de pregrado y postgrado.&nbsp;<\/p>\n\n\n\n<p>Carlos Delgado \u00c1lvarez, Director de la Sede Chilo\u00e9 de la Universidad de Los Lagos, indic\u00f3 que \u201cesta fue la primera reuni\u00f3n que tuvimos con el equipo del INIA, siendo el hito que marca el inicio de un trabajo colaborativo que esperamos por mucho tiempo. Todo en beneficio de nuestro territorio insular y del \u00e1rea socioproductiva que tiene mucho potencial en estos momentos para el futuro de Chilo\u00e9. Estamos muy contentos con esta alianza que va a permitir trabajar de manera conjunta con el INIA incorporado en nuestras dependencias\u201d.&nbsp;<\/p>\n\n\n\n<p>En tanto, para Natalie Urrutia, Directora Regional de INIA Remehue, explic\u00f3 que \u201choy d\u00eda conversamos sobre algunos aspectos y alcances de nuestro convenio de colaboraci\u00f3n que se aprob\u00f3 recientemente en Osorno. Parte de ello es el trabajo en conjunto la Universidad de Los Lagos en su sede Chilo\u00e9 en donde el equipo t\u00e9cnico de INIA Chilo\u00e9 va a estar trabajando y donde tambi\u00e9n esperamos fortalecer el trabajo en colaboraci\u00f3n tanto en postulaci\u00f3n de proyectos de inter\u00e9s com\u00fan, como la organizaci\u00f3n de eventos de extensi\u00f3n, charlas t\u00e9cnicas, seminarios y diversas actividades que podamos llevar a la comunidad local y universitaria\u201d.<\/p>\n","protected":false},"excerpt":{"rendered":"<p>El pasado jueves 30 de noviembre se realiz\u00f3 una reuni\u00f3n con el equipo del Instituto de Investigaciones Agropecuarias (INIA), espec\u00edficamente del Centro Experimental INIA Butalcura, quienes a partir de esta fecha continuar\u00e1n sus labores en dependencias de la sede universitaria. <\/p>\n","protected":false},"author":1,"featured_media":16136,"comment_status":"closed","ping_status":"closed","sticky":false,"template":"","format":"standard","meta":{"footnotes":""},"categories":[3,9,2541],"tags":[2118,337,273,132,247,133],"class_list":["post-16135","post","type-post","status-publish","format-standard","has-post-thumbnail","hentry","category-al-dia","category-gobierno","category-investigacion","tag-semanariolocal","tag-informacion","tag-noticias","tag-osorno","tag-region-de-los-lagos","tag-semanario-local"],"_links":{"self":[{"href":"https:\/\/www.semanariolocal.cl\/index.php?rest_route=\/wp\/v2\/posts\/16135","targetHints":{"allow":["GET"]}}],"collection":[{"href":"https:\/\/www.semanariolocal.cl\/index.php?rest_route=\/wp\/v2\/posts"}],"about":[{"href":"https:\/\/www.semanariolocal.cl\/index.php?rest_route=\/wp\/v2\/types\/post"}],"author":[{"embeddable":true,"href":"https:\/\/www.semanariolocal.cl\/index.php?rest_route=\/wp\/v2\/users\/1"}],"replies":[{"embeddable":true,"href":"https:\/\/www.semanariolocal.cl\/index.php?rest_route=%2Fwp%2Fv2%2Fcomments&post=16135"}],"version-history":[{"count":1,"href":"https:\/\/www.semanariolocal.cl\/index.php?rest_route=\/wp\/v2\/posts\/16135\/revisions"}],"predecessor-version":[{"id":16137,"href":"https:\/\/www.semanariolocal.cl\/index.php?rest_route=\/wp\/v2\/posts\/16135\/revisions\/16137"}],"wp:featuredmedia":[{"embeddable":true,"href":"https:\/\/www.semanariolocal.cl\/index.php?rest_route=\/wp\/v2\/media\/16136"}],"wp:attachment":[{"href":"https:\/\/www.semanariolocal.cl\/index.php?rest_route=%2Fwp%2Fv2%2Fmedia&parent=16135"}],"wp:term":[{"taxonomy":"category","embeddable":true,"href":"https:\/\/www.semanariolocal.cl\/index.php?rest_route=%2Fwp%2Fv2%2Fcategories&post=16135"},{"taxonomy":"post_tag","embeddable":true,"href":"https:\/\/www.semanariolocal.cl\/index.php?rest_route=%2Fwp%2Fv2%2Ftags&post=16135"}],"curies":[{"name":"wp","href":"https:\/\/api.w.org\/{rel}","templated":true}]}}