{"id":16125,"date":"2023-12-04T13:26:31","date_gmt":"2023-12-04T16:26:31","guid":{"rendered":"https:\/\/www.semanariolocal.cl\/?p=16125"},"modified":"2023-12-04T13:26:32","modified_gmt":"2023-12-04T16:26:32","slug":"sag-en-estado-de-alerta-los-riesgos-del-virus-de-encefalomielitis","status":"publish","type":"post","link":"https:\/\/www.semanariolocal.cl\/?p=16125","title":{"rendered":"SAG en estado de alerta: los riesgos del virus de encefalomielitis"},"content":{"rendered":"\n<p>La confirmaci\u00f3n, por parte&nbsp;del Servicio Nacional de Sanidad y Calidad Agroalimentaria de Argentina, de un&nbsp;<a href=\"https:\/\/www.argentina.gob.ar\/senasa\/encefalomielitis-equinas\" target=\"_blank\" rel=\"noreferrer noopener\">brote de Encefalomielitis Equina del tipo Oeste<\/a>, puso en alerta al Servicio Agr\u00edcola y Ganadero (SAG) de Chile, por la posibilidad de que esta enfermedad -que afecta a equinos y humanos- pueda traspasar la frontera.<\/p>\n\n\n\n<p>La Encefalitis Equina es una enfermedad que es transmitida a estos animales por picadura de insectos (vectores), los que tras haber picado a roedores silvestres o aves infectadas obtienen el virus. Se trata de una zoonosis, ya que puede afectar al ser humano, no por contacto con un equino enfermo, si no que a trav\u00e9s de la picadura de insectos portadores del virus.<\/p>\n\n\n\n<p>En el caso de los equinos, la sintomatolog\u00eda se caracteriza por la presencia de fiebre, anorexia, cambios de conducta y depresi\u00f3n intensa. En los casos graves, puede evolucionar hacia la hiperexcitabilidad, ceguera, ataxia, depresi\u00f3n grave, postraci\u00f3n, convulsiones y muerte.<\/p>\n\n\n\n<p><strong>\u00bfQu\u00e9 causa en humanos?<\/strong><\/p>\n\n\n\n<p>Seg\u00fan explica la acad\u00e9mica del&nbsp;<a href=\"https:\/\/www.uoh.cl\/instituto-de-ciencias-agroalimentarias\/\" target=\"_blank\" rel=\"noreferrer noopener\">Instituto de Ciencias Agroalimentarias, Animales y Ambientales<\/a>&nbsp;(ICA3) de la&nbsp;<a href=\"http:\/\/www.uoh.cl\/\" target=\"_blank\" rel=\"noreferrer noopener\">Universidad de O\u2019Higgins<\/a>&nbsp;(UOH),&nbsp;<a href=\"https:\/\/www.uoh.cl\/investigacion\/academico\/gemma-rojo-aravena\/\" target=\"_blank\" rel=\"noreferrer noopener\">Gemma Rojo<\/a>, lo que pueda causar este virus en humanos depender\u00e1 del tipo de virus de Encefalomielitis.<\/p>\n\n\n\n<p>\u201cPara el virus de la Encefalomielitis Equina del Oeste (EEO), la sintomatolog\u00eda es inespec\u00edfica (un malestar parecido a una gripe), y -a veces- con sintomatolog\u00eda nerviosa. Tiene una fatalidad del 7%\u201d, explica la acad\u00e9mica.<\/p>\n\n\n\n<p>Agrega que la enfermedad si bien \u2013normalmente- no se puede contagiar entre humanos. \u201cExisten informes de transmisi\u00f3n transplacentaria, con la consecuente infecci\u00f3n por v\u00eda cong\u00e9nita en los neonatos\u201d, se\u00f1ala la Dra. Rojo.<\/p>\n\n\n\n<p>\u00bfExisten vacunas? Seg\u00fan explica la acad\u00e9mica UOH existen vacunas en animales y estas son seguras e inmunog\u00e9nicas. \u201cEn Chile, esta vacuna no se encuentra registrada, ya que las Encefalomielitis Equinas son enfermedades ex\u00f3ticas para nuestro pa\u00eds, por lo que no hemos necesitado de ella. En caso de que esta enfermedad llegue a presentarse en el territorio, existe un protocolo de facilitaci\u00f3n para que puedan importarse vacunas\u201d.<\/p>\n\n\n\n<p>La especialista se\u00f1ala que no existe un tratamiento antiviral espec\u00edfico, \u201cpor lo que las medidas de atenci\u00f3n primaria para mantener las funciones vitales recomiendan reposo absoluto, hidrataci\u00f3n adecuada y terapia sintom\u00e1tica\u201d.<\/p>\n\n\n\n<p>La acad\u00e9mica destaca el hecho que el SAG activ\u00f3 de manera inmediata un plan de trabajo que intensifica la vigilancia sobre equinos que se movilizan hacia Chile desde el extranjero, as\u00ed como tambi\u00e9n de la poblaci\u00f3n equina nacional. \u201cSe trata de vigilancia cl\u00ednica con especial \u00e9nfasis en las regiones de Arica y Parinacota y Tarapac\u00e1 e Rapa Nui, donde existen m\u00e1s riesgos de encontrar los mosquitos que podr\u00edan ser vectores de esta enfermedad\u201d, indica.<\/p>\n\n\n\n<p>Agrega que Chile se distingue hist\u00f3ricamente como una &#8216;isla sanitaria&#8217;, gracias a sus barreras geogr\u00e1ficas naturales y a rigurosos controles sanitarios en sus fronteras. \u201cEn relaci\u00f3n con la Encefalomielitis Equina del Oeste (EEO), detectada en Argentina, es importante destacar que, aunque la EEO es una zoonosis que podr\u00eda afectar a los humanos, el riesgo en Chile es considerablemente bajo. Esto se debe a la ausencia en nuestro territorio de los mosquitos vectores de esta enfermedad, que son propios de regiones tropicales y que no se encuentran normalmente en Chile. Si bien es cierto que en algunas regiones espec\u00edficas podr\u00eda existir el riesgo de presencia de estos insectos, nuestra posici\u00f3n sigue siendo excepcionalmente favorable. Las medidas preventivas, dise\u00f1adas para minimizar el riesgo de contagio tanto en equinos como en humanos, reflejan el firme compromiso de nuestro pa\u00eds con la protecci\u00f3n de la salud p\u00fablica\u201d, finaliza.<\/p>\n","protected":false},"excerpt":{"rendered":"<p>La acad\u00e9mica UOH Gemma Rojo explica que la Encefalomielitis Equina del Oeste (EEO), detectada en Argentina, es una zoonosis transmitida por vectores que tiene una baja probabilidad de afectar a la poblaci\u00f3n humana en Chile.<\/p>\n","protected":false},"author":1,"featured_media":16126,"comment_status":"closed","ping_status":"closed","sticky":false,"template":"","format":"standard","meta":{"footnotes":""},"categories":[3],"tags":[2118,337,273,132,113,247,133],"class_list":["post-16125","post","type-post","status-publish","format-standard","has-post-thumbnail","hentry","category-al-dia","tag-semanariolocal","tag-informacion","tag-noticias","tag-osorno","tag-puerto-montt","tag-region-de-los-lagos","tag-semanario-local"],"_links":{"self":[{"href":"https:\/\/www.semanariolocal.cl\/index.php?rest_route=\/wp\/v2\/posts\/16125","targetHints":{"allow":["GET"]}}],"collection":[{"href":"https:\/\/www.semanariolocal.cl\/index.php?rest_route=\/wp\/v2\/posts"}],"about":[{"href":"https:\/\/www.semanariolocal.cl\/index.php?rest_route=\/wp\/v2\/types\/post"}],"author":[{"embeddable":true,"href":"https:\/\/www.semanariolocal.cl\/index.php?rest_route=\/wp\/v2\/users\/1"}],"replies":[{"embeddable":true,"href":"https:\/\/www.semanariolocal.cl\/index.php?rest_route=%2Fwp%2Fv2%2Fcomments&post=16125"}],"version-history":[{"count":1,"href":"https:\/\/www.semanariolocal.cl\/index.php?rest_route=\/wp\/v2\/posts\/16125\/revisions"}],"predecessor-version":[{"id":16127,"href":"https:\/\/www.semanariolocal.cl\/index.php?rest_route=\/wp\/v2\/posts\/16125\/revisions\/16127"}],"wp:featuredmedia":[{"embeddable":true,"href":"https:\/\/www.semanariolocal.cl\/index.php?rest_route=\/wp\/v2\/media\/16126"}],"wp:attachment":[{"href":"https:\/\/www.semanariolocal.cl\/index.php?rest_route=%2Fwp%2Fv2%2Fmedia&parent=16125"}],"wp:term":[{"taxonomy":"category","embeddable":true,"href":"https:\/\/www.semanariolocal.cl\/index.php?rest_route=%2Fwp%2Fv2%2Fcategories&post=16125"},{"taxonomy":"post_tag","embeddable":true,"href":"https:\/\/www.semanariolocal.cl\/index.php?rest_route=%2Fwp%2Fv2%2Ftags&post=16125"}],"curies":[{"name":"wp","href":"https:\/\/api.w.org\/{rel}","templated":true}]}}