{"id":16122,"date":"2023-12-04T12:56:49","date_gmt":"2023-12-04T15:56:49","guid":{"rendered":"https:\/\/www.semanariolocal.cl\/?p=16122"},"modified":"2023-12-04T12:56:49","modified_gmt":"2023-12-04T15:56:49","slug":"conadi-realiza-primera-entrega-de-tierras-a-comunidades-mapuche-williche-de-la-region","status":"publish","type":"post","link":"https:\/\/www.semanariolocal.cl\/?p=16122","title":{"rendered":"CONADI realiza primera entrega de tierras a comunidades mapuche williche de la Regi\u00f3n"},"content":{"rendered":"\n<p>Las 10 familias que integran la comunidad mapuche williche Cuicui, de la comuna de Puyehue, iniciaron hoy una nueva etapa en sus vidas, pues con la restituci\u00f3n de las tierras adquiridas para ellos por el Fondo de Tierras y Aguas de CONADI, se les abre un mundo de posibilidades, no solo de bienestar econ\u00f3mico, sino tambi\u00e9n de seguridad y tranquilidad para seguir proyectando su vida en comunidad, para sus nuevas generaciones, en un territorio que adem\u00e1s posee tierras de muy buena calidad, lo que les va a permitir alcanzar un desarrollo integral.<\/p>\n\n\n\n<p>\u201cEstoy bastante contento porque estamos conmemorando 30 a\u00f1os de entrada en vigencia de la Ley Ind\u00edgena con una entrega de tierras a la comunidad Cuicui, de la Regi\u00f3n de Los Lagos, lo que tambi\u00e9n es un hito hist\u00f3rico, puesto que hac\u00eda m\u00e1s de 5 a\u00f1os que no se entregaban tierras en esta regi\u00f3n por medio del art\u00edculo 20 letra b de la Ley 19.253\u201d, explic\u00f3 Luis Penchuleo Morales, director nacional de CONADI, agregando que \u201cgracias a las gestiones del gobierno de nuestro presidente Gabriel Boric, y una vez m\u00e1s dando muestra del compromiso que tenemos con los pueblos ind\u00edgenas, y en particular con el pueblo mapuche, de ir solucionando los temas de tierras, a trav\u00e9s del mecanismo legal que establece la ley ind\u00edgena\u201d.<\/p>\n\n\n\n<p><strong>Esfuerzo comunitario<\/strong><\/p>\n\n\n\n<p>\u201cEste fue un esfuerzo de a\u00f1os, de la comunidad completa. Me toc\u00f3 liderar este proceso de reivindicaci\u00f3n y finalmente culmin\u00f3 con la compra de este predio, que realmente est\u00e1 muy bonito, es un logro importante para la comunidad, un \u00e9xito. Y que de aqu\u00ed en adelante nos toca otro gran desaf\u00edo con el cierre de esta etapa: comenzar un trabajo comunitario que nos beneficie a todos\u201d, se\u00f1al\u00f3 Ricardo Huenchullanca R\u00edos, presidente de la comunidad Cuicui de Puyehue.<\/p>\n\n\n\n<p>\u201cFueron a\u00f1os de espera y a\u00f1os de lucha, de no rendirse en el proceso, porque hay que tener paciencia, hay que buscar la v\u00eda institucional para recuperar las tierras. Hoy d\u00eda estamos en un predio hermoso que se compr\u00f3 para esta comunidad que tiene una triste historia de despojo, pero hoy d\u00eda volvieron a recuperar la tierra, y el new\u00e9n de esta comunidad se refleja en este predio, se materializa el resultado de la lucha de nuestros pe\u00f1is\u201d, agreg\u00f3 Mario Inay Mu\u00f1oz, Consejero Nacional ante CONADI.<\/p>\n\n\n\n<p><strong>Entrega hist\u00f3rica<\/strong><\/p>\n\n\n\n<p>\u201cEsta es una entrega hist\u00f3rica como tambi\u00e9n es hist\u00f3rica la batalla que dio la comunidad Cuicui, quienes sufrieron un desalojo hist\u00f3rico, pero hoy d\u00eda est\u00e1n aqu\u00ed, contentos, felices de este gran triunfo. Hoy d\u00eda estamos todos plet\u00f3ricos, nuestro kimun, nuestro coraz\u00f3n, est\u00e1 llenito de alegr\u00eda, porque hoy d\u00eda, de verdad, todo el newen que puso la comunidad se refleja en este gran resultado\u201d, puntualiz\u00f3 Enzo Jaramillo Hott, Seremi de Desarrollo Social y Familia en la Regi\u00f3n de Los Lagos.<\/p>\n\n\n\n<p>Finalmente, cabe se\u00f1alar que, debido a su importancia hist\u00f3rica para la Regi\u00f3n de Los Lagos, en la actividad estuvieron presentes tambi\u00e9n representantes del Gobierno Regional; la Delegada Presidencial Provincial, Claudia Pailalef Montiel; la Directora Regional de CONADI, Marcela Urbano Gonz\u00e1lez; la Seremi de Agricultura, Tania Salas; y el Coordinador Regional del Plan Buen Vivir, Cristian Caipillan, entre otros.<\/p>\n","protected":false},"excerpt":{"rendered":"<p>El director nacional de CONADI, Luis Penchuleo Morales, presidi\u00f3 la emocionante ceremonia en que la comunidad Cuicui de Puyehue recibi\u00f3 147,48 hect\u00e1reas de tierras de excelente calidad, ubicadas en las inmediaciones del Lago Rupanco.<\/p>\n","protected":false},"author":1,"featured_media":16123,"comment_status":"closed","ping_status":"closed","sticky":false,"template":"","format":"standard","meta":{"footnotes":""},"categories":[3,9],"tags":[2118,337,273,132,247,133],"class_list":["post-16122","post","type-post","status-publish","format-standard","has-post-thumbnail","hentry","category-al-dia","category-gobierno","tag-semanariolocal","tag-informacion","tag-noticias","tag-osorno","tag-region-de-los-lagos","tag-semanario-local"],"_links":{"self":[{"href":"https:\/\/www.semanariolocal.cl\/index.php?rest_route=\/wp\/v2\/posts\/16122","targetHints":{"allow":["GET"]}}],"collection":[{"href":"https:\/\/www.semanariolocal.cl\/index.php?rest_route=\/wp\/v2\/posts"}],"about":[{"href":"https:\/\/www.semanariolocal.cl\/index.php?rest_route=\/wp\/v2\/types\/post"}],"author":[{"embeddable":true,"href":"https:\/\/www.semanariolocal.cl\/index.php?rest_route=\/wp\/v2\/users\/1"}],"replies":[{"embeddable":true,"href":"https:\/\/www.semanariolocal.cl\/index.php?rest_route=%2Fwp%2Fv2%2Fcomments&post=16122"}],"version-history":[{"count":1,"href":"https:\/\/www.semanariolocal.cl\/index.php?rest_route=\/wp\/v2\/posts\/16122\/revisions"}],"predecessor-version":[{"id":16124,"href":"https:\/\/www.semanariolocal.cl\/index.php?rest_route=\/wp\/v2\/posts\/16122\/revisions\/16124"}],"wp:featuredmedia":[{"embeddable":true,"href":"https:\/\/www.semanariolocal.cl\/index.php?rest_route=\/wp\/v2\/media\/16123"}],"wp:attachment":[{"href":"https:\/\/www.semanariolocal.cl\/index.php?rest_route=%2Fwp%2Fv2%2Fmedia&parent=16122"}],"wp:term":[{"taxonomy":"category","embeddable":true,"href":"https:\/\/www.semanariolocal.cl\/index.php?rest_route=%2Fwp%2Fv2%2Fcategories&post=16122"},{"taxonomy":"post_tag","embeddable":true,"href":"https:\/\/www.semanariolocal.cl\/index.php?rest_route=%2Fwp%2Fv2%2Ftags&post=16122"}],"curies":[{"name":"wp","href":"https:\/\/api.w.org\/{rel}","templated":true}]}}