{"id":16119,"date":"2023-12-04T12:52:48","date_gmt":"2023-12-04T15:52:48","guid":{"rendered":"https:\/\/www.semanariolocal.cl\/?p=16119"},"modified":"2023-12-04T12:52:49","modified_gmt":"2023-12-04T15:52:49","slug":"diputados-udi-cuestionan-al-frente-amplio-por-condonacion-del-cae","status":"publish","type":"post","link":"https:\/\/www.semanariolocal.cl\/?p=16119","title":{"rendered":"Diputados UDI cuestionan al Frente Amplio por condonaci\u00f3n del CAE"},"content":{"rendered":"\n<p>Los diputados de la Bancada UDI que integran la comisi\u00f3n de Educaci\u00f3n de la C\u00e1mara Baja, Eduardo Cornejo y Sergio Bobadilla, acusaron al Frente Amplio (FA) de demostrar una \u201cfalta de \u00e9tica\u201d en pol\u00edtica, tras impulsar -a menos de dos semanas del plebiscito constitucional- la condonaci\u00f3n del Cr\u00e9dito con Aval del Estado (CAE) sin que existiera una fuente de financiamiento para dicho proyecto.<\/p>\n\n\n\n<p>Al respecto, los parlamentarios gremialistas incluso hicieron menci\u00f3n a las recientes declaraciones del ministro de la Secretar\u00eda General de la Presidencia, \u00c1lvaro Elizalde, quien adem\u00e1s de evitar dar detalles sobre d\u00f3nde obtendr\u00e1n los recursos para la condonaci\u00f3n, reconoci\u00f3 que \u201cel nivel que comprometer\u00eda una decisi\u00f3n de esa naturaleza supera con creces la capacidad fiscal de nuestro pa\u00eds\u201d.<\/p>\n\n\n\n<p>Por lo mismo, y ante la insistencia de diversos sectores del Frente Amplio por avanzar ahora en dicha medida, pese a que el proyecto se presentar\u00eda reci\u00e9n durante el primer semestre de 2024, los diputados Cornejo y Bobadilla manifestaron que \u201cel ofert\u00f3n que est\u00e1 haciendo la izquierda demuestra la falta de \u00e9tica y la degradaci\u00f3n moral en la que han ca\u00eddo\u201d, insistiendo en que \u201cun anuncio de este tipo, ad portas de una elecci\u00f3n, s\u00f3lo da cuenta de lo bajo a lo que pueden llegar\u201d.<\/p>\n\n\n\n<p>\u201cEs evidente que al FA no le interesan los m\u00e1s de 50 mil estudiantes que desertaron del sistema escolar ni el mill\u00f3n de alumnos que registra una inasistencia grave. Tampoco vemos que les preocupa la grave crisis generada con los Servicios Locales de Educaci\u00f3n P\u00fablica (SLEP) ni mucho menos est\u00e1n interesados en erradicar la violencia escolar y proteger a los estudiantes que s\u00ed quieren aprender, porque de lo contrario no estar\u00edan presionando al pa\u00eds para que destine m\u00e1s de US$ 10 mil millones a la condonaci\u00f3n del CAE, sabiendo todas las otras urgencias que existen en Chile\u201d, cuestionaron.<\/p>\n\n\n\n<p>De hecho, los integrantes de la comisi\u00f3n de Educaci\u00f3n manifestaron que \u201ces evidente que los parlamentarios del Frente Amplio saben que una medida como esta es absolutamente impagable, y as\u00ed al menos lo ha deslizado el ministro Elizalde\u201d, por lo que agregaron que \u201cseguir insistiendo con la condonaci\u00f3n de una forma tan irresponsable como esta, sin una fuente de financiamiento ni un cronograma establecido, s\u00f3lo demuestra que est\u00e1n utilizando a los deudores para fines electorales\u201d.<\/p>\n\n\n\n<p>\u201cLamentablemente, el Frente Amplio se est\u00e1 acostumbrando a hacer pol\u00edtica por medio del enga\u00f1o. As\u00ed lo hemos visto durante la campa\u00f1a de cara al plebiscito constitucional, como tambi\u00e9n con el denominado \u2018Caso Convenios\u2019 y ahora con este anuncio que carece de toda responsabilidad. Y lo hacen porque ha quedado en total evidencia que el cartel de \u2018defensores de la educaci\u00f3n\u2019 con la que llegaron al poder no lo han cumplido, por lo que s\u00f3lo les queda recursos a viejas promesas, como la condonaci\u00f3n del CAE, que saben que es inviable\u201d, concluyeron los diputados Cornejo y Bobadilla.<\/p>\n","protected":false},"excerpt":{"rendered":"<p>Los integrantes de la comisi\u00f3n de Educaci\u00f3n, Eduardo Cornejo y Sergio Bobadilla, emplazaron al FA a \u201cno seguir enga\u00f1ando a la ciudadan\u00eda\u201d, asegurando que el propio ministro \u00c1lvaro Elizalde reconoci\u00f3 que el pa\u00eds no tiene la capacidad fiscal para esa medida. <\/p>\n","protected":false},"author":1,"featured_media":16120,"comment_status":"closed","ping_status":"closed","sticky":false,"template":"","format":"standard","meta":{"footnotes":""},"categories":[6],"tags":[2118,2552,337,273,132,247,133,52],"class_list":["post-16119","post","type-post","status-publish","format-standard","has-post-thumbnail","hentry","category-politica","tag-semanariolocal","tag-cae","tag-informacion","tag-noticias","tag-osorno","tag-region-de-los-lagos","tag-semanario-local","tag-udi"],"_links":{"self":[{"href":"https:\/\/www.semanariolocal.cl\/index.php?rest_route=\/wp\/v2\/posts\/16119","targetHints":{"allow":["GET"]}}],"collection":[{"href":"https:\/\/www.semanariolocal.cl\/index.php?rest_route=\/wp\/v2\/posts"}],"about":[{"href":"https:\/\/www.semanariolocal.cl\/index.php?rest_route=\/wp\/v2\/types\/post"}],"author":[{"embeddable":true,"href":"https:\/\/www.semanariolocal.cl\/index.php?rest_route=\/wp\/v2\/users\/1"}],"replies":[{"embeddable":true,"href":"https:\/\/www.semanariolocal.cl\/index.php?rest_route=%2Fwp%2Fv2%2Fcomments&post=16119"}],"version-history":[{"count":1,"href":"https:\/\/www.semanariolocal.cl\/index.php?rest_route=\/wp\/v2\/posts\/16119\/revisions"}],"predecessor-version":[{"id":16121,"href":"https:\/\/www.semanariolocal.cl\/index.php?rest_route=\/wp\/v2\/posts\/16119\/revisions\/16121"}],"wp:featuredmedia":[{"embeddable":true,"href":"https:\/\/www.semanariolocal.cl\/index.php?rest_route=\/wp\/v2\/media\/16120"}],"wp:attachment":[{"href":"https:\/\/www.semanariolocal.cl\/index.php?rest_route=%2Fwp%2Fv2%2Fmedia&parent=16119"}],"wp:term":[{"taxonomy":"category","embeddable":true,"href":"https:\/\/www.semanariolocal.cl\/index.php?rest_route=%2Fwp%2Fv2%2Fcategories&post=16119"},{"taxonomy":"post_tag","embeddable":true,"href":"https:\/\/www.semanariolocal.cl\/index.php?rest_route=%2Fwp%2Fv2%2Ftags&post=16119"}],"curies":[{"name":"wp","href":"https:\/\/api.w.org\/{rel}","templated":true}]}}