{"id":16063,"date":"2023-12-01T08:00:39","date_gmt":"2023-12-01T11:00:39","guid":{"rendered":"https:\/\/www.semanariolocal.cl\/?p=16063"},"modified":"2023-12-02T00:10:18","modified_gmt":"2023-12-02T03:10:18","slug":"finalizo-7ma-version-de-encuentro-recreativo-asi-jugaba-yo-para-adultos-mayores-de-osorno","status":"publish","type":"post","link":"https:\/\/www.semanariolocal.cl\/?p=16063","title":{"rendered":"Finaliz\u00f3 7ma Versi\u00f3n de encuentro recreativo \u201cAs\u00ed Jugaba Yo\u201d para adultos mayores de Osorno\u00a0"},"content":{"rendered":"\n<p>La Liga Deportiva Recreativa Adulto Mayor de Osorno (LIDRAM) y la carrera de Preparador F\u00edsico del CFT Santo Tom\u00e1s de Osorno, en conjunto a la Municipalidad de Osorno, realizaron este pasado 30 de noviembre una nueva edici\u00f3n de \u00abAs\u00ed Jugaba Yo\u00bb, encuentro recreativo enfocado en juegos deportivos y actividad f\u00edsica para el Adulto Mayor.<\/p>\n\n\n\n<p>Al lugar lleg\u00f3 el alcalde de Osorno, Emeterio Carrillo, quien manifest\u00f3 estar feliz en la instancia acompa\u00f1ando a nuestros adultos mayores en sus actividades tradicionales en la actividad que ha contado siempre con el apoyo de Santo Tom\u00e1s y la Municipalidad. \u201cCreo que es una actividad que nos llena de recuerdos, donde nuestros adultos mayores pueden pasar un rato distendido, agradable, donde puedes compartir y tambi\u00e9n jugar que es lo m\u00e1s importante.\u201d<\/p>\n\n\n\n<p>Hip\u00f3lito V\u00e1squez, Presidente de la Liga Recreativa y Recreativa de Osorno indic\u00f3 que \u201cestamos cumpliendo con los objetivos, que es darle un espacio de recreaci\u00f3n y deportivo a nuestros adultos mayores, y hoy d\u00eda como siempre hemos contado con el apoyo de la carrera de Preparador F\u00edsico de Santo Tom\u00e1s, quienes han sido vitales desde la fundaci\u00f3n con nosotros. Pero tambi\u00e9n esto es compartido pues permite que los alumnos de Santo Tom\u00e1s salgan empoderados con el trabajo junto a los adultos mayores\u201d.<\/p>\n\n\n\n<p>Por su parte Sandra Igor, docente de la carrera de Preparador F\u00edsico del CFT Santo Tom\u00e1s Osorno, destac\u00f3 y valor\u00f3 esta s\u00e9ptima edici\u00f3n de la actividad ya que \u201cteniendo la conciencia de los est\u00edmulos ya sea por la parte psicomotriz o por la parte cognitiva y considerando que con el tiempo cada uno de nosotros va perdiendo esas caracter\u00edsticas, \u00e9sta es una manera de activarlas,&nbsp; de recrear al adulto mayor, y tambi\u00e9n una forma de aprendizaje colaborativo, que es lo que nos insta como CFT a trabajar con nuestros alumnos y futuros profesionales\u201d.<\/p>\n\n\n\n<p>De igual forma las y los estudiantes de Preparador F\u00edsico manifestaron que para ellos es poner en pr\u00e1ctica lo aprendido en clases y que es una gran satisfacci\u00f3n compartir con las personas mayores, verlas sonre\u00edr y competir sanamente con distintos juegos y actividades deportivas.<\/p>\n","protected":false},"excerpt":{"rendered":"<p>La instancia, realizada en las dependencias del Gimnasio Llanquihue de la ciudad, cumple su s\u00e9ptimo a\u00f1o como tradici\u00f3n anual en la comuna y busc\u00f3 recrear los juegos con los que los mayores crecieron durante su infancia, junto a una agradable tarde con sus pares y los j\u00f3venes organizando esta actividad, acompa\u00f1ado de un grato ambiente y buen clima.<\/p>\n","protected":false},"author":1,"featured_media":16064,"comment_status":"closed","ping_status":"closed","sticky":false,"template":"","format":"standard","meta":{"footnotes":""},"categories":[3,11],"tags":[2118,337,273,132,247,133],"class_list":["post-16063","post","type-post","status-publish","format-standard","has-post-thumbnail","hentry","category-al-dia","category-educacion","tag-semanariolocal","tag-informacion","tag-noticias","tag-osorno","tag-region-de-los-lagos","tag-semanario-local"],"_links":{"self":[{"href":"https:\/\/www.semanariolocal.cl\/index.php?rest_route=\/wp\/v2\/posts\/16063","targetHints":{"allow":["GET"]}}],"collection":[{"href":"https:\/\/www.semanariolocal.cl\/index.php?rest_route=\/wp\/v2\/posts"}],"about":[{"href":"https:\/\/www.semanariolocal.cl\/index.php?rest_route=\/wp\/v2\/types\/post"}],"author":[{"embeddable":true,"href":"https:\/\/www.semanariolocal.cl\/index.php?rest_route=\/wp\/v2\/users\/1"}],"replies":[{"embeddable":true,"href":"https:\/\/www.semanariolocal.cl\/index.php?rest_route=%2Fwp%2Fv2%2Fcomments&post=16063"}],"version-history":[{"count":1,"href":"https:\/\/www.semanariolocal.cl\/index.php?rest_route=\/wp\/v2\/posts\/16063\/revisions"}],"predecessor-version":[{"id":16065,"href":"https:\/\/www.semanariolocal.cl\/index.php?rest_route=\/wp\/v2\/posts\/16063\/revisions\/16065"}],"wp:featuredmedia":[{"embeddable":true,"href":"https:\/\/www.semanariolocal.cl\/index.php?rest_route=\/wp\/v2\/media\/16064"}],"wp:attachment":[{"href":"https:\/\/www.semanariolocal.cl\/index.php?rest_route=%2Fwp%2Fv2%2Fmedia&parent=16063"}],"wp:term":[{"taxonomy":"category","embeddable":true,"href":"https:\/\/www.semanariolocal.cl\/index.php?rest_route=%2Fwp%2Fv2%2Fcategories&post=16063"},{"taxonomy":"post_tag","embeddable":true,"href":"https:\/\/www.semanariolocal.cl\/index.php?rest_route=%2Fwp%2Fv2%2Ftags&post=16063"}],"curies":[{"name":"wp","href":"https:\/\/api.w.org\/{rel}","templated":true}]}}