{"id":16028,"date":"2023-11-29T20:01:00","date_gmt":"2023-11-29T23:01:00","guid":{"rendered":"https:\/\/www.semanariolocal.cl\/?p=16028"},"modified":"2023-11-29T23:23:09","modified_gmt":"2023-11-30T02:23:09","slug":"delegacion-de-paises-bajos-visita-inia-remehue-para-conocer-trabajos-de-investigacion","status":"publish","type":"post","link":"https:\/\/www.semanariolocal.cl\/?p=16028","title":{"rendered":"Delegaci\u00f3n\u00a0de Pa\u00edses Bajos visita INIA Remehue para conocer trabajos de investigaci\u00f3n"},"content":{"rendered":"\n<p>Una delegaci\u00f3n&nbsp;de los Pa\u00edses Bajos integrada por funcionarios del Ministerio de Agricultura, Naturaleza y Calidad Alimentaria y la Agencia Empresarial de los Pa\u00edses Bajos (RVO), representantes de la Organizaci\u00f3n Neerlandesa para la Investigaci\u00f3n Cient\u00edfica Aplicada (TNO) e investigadores del Instituto Neerland\u00e9s de Investigaciones Marinas y de la Universidad de Wageningen, as\u00ed como del Instituto de Biodiversidad F\u00fangica de Westerdijk, junto a empresas de cr\u00eda y propagaci\u00f3n de algas y otras como Nestl\u00e9 que tambi\u00e9n est\u00e1 trabajando en algas marinas, visitaron las instalaciones del Centro Regional de Investigaci\u00f3n INIA Remehue en Osorno, para conocer antecedentes de trabajos de investigaci\u00f3n relacionados con el uso de algas que est\u00e1 llevando a cabo el Instituto de Investigaciones Agropecuarias (INIA).<\/p>\n\n\n\n<p>Inge Horstmeier,&nbsp;Consejera Agr\u00edcola de Los Pa\u00edses Bajos en Chile y el Cono Sur, explic\u00f3 que el objetivo de esta misi\u00f3n de innovaci\u00f3n y su visita a INIA Remehue es para presentar a una delegaci\u00f3n neerlandesa los trabajos de investigaci\u00f3n realizados en Chile en el \u00e1mbito de algas marinas.<\/p>\n\n\n\n<p>\u00abEstamos muy interesados en conocer la investigaci\u00f3n en este tema porque tenemos tambi\u00e9n nuestra producci\u00f3n propia de algas y quer\u00edamos trabajar juntos y desarrollar m\u00e1s esta prote\u00edna alternativa\u201d, sostuvo.<\/p>\n\n\n\n<p>Natalie Urrutia, directora regional de INIA Remehue, junto con dar a conocer antecedentes generales sobre el INIA y su labor institucional a nivel nacional y regional, explic\u00f3 que \u201cactualmente en INIA Remehue se est\u00e1 llevando a cabo un proyecto Fondecyt que considera la evaluaci\u00f3n del uso de algas pardas que contienen florotaninos como estrategia nutricional para reducir las emisiones de gases invernadero distintos al CO2 y mejorar el perfil de \u00e1cidos grasos de la leche y la partici\u00f3n del nitr\u00f3geno de las vacas lecheras en pastoreo\u201d.<\/p>\n\n\n\n<p>\u201cEste proyecto lo est\u00e1 ejecutando un equipo de investigaci\u00f3n liderado por el Dr. Ignacio Beltr\u00e1n, quien hoy hizo una detallada presentaci\u00f3n de este trabajo cient\u00edfico que ha concitado gran inter\u00e9s tanto a nivel nacional como internacional\u201d, sostuvo.<\/p>\n\n\n\n<p>Adem\u00e1s, inform\u00f3 que \u201cla otra iniciativa que capt\u00f3 la atenci\u00f3n de esta delegaci\u00f3n fue el desarrollo de barras de cereal con diferentes niveles de concentraci\u00f3n de algas marinas que est\u00e1 llevando a cabo Mariela Silva, ingeniera en alimentos e investigadora de INIA Remehue como parte de sus estudios de Mag\u00edster en Nutrici\u00f3n Humana en la Universidad de Concepci\u00f3n\u201d.<\/p>\n","protected":false},"excerpt":{"rendered":"<p>Representantes del gobierno, centros de investigaci\u00f3n, universidades y empresas neerlandesas conocieron detalles de los avances cient\u00edficos que est\u00e1 generando el Instituto de Investigaciones Agropecuarias (INIA) en el sur de Chile.<\/p>\n","protected":false},"author":1,"featured_media":16029,"comment_status":"closed","ping_status":"closed","sticky":false,"template":"","format":"standard","meta":{"footnotes":""},"categories":[20,3],"tags":[2118,337,2379,558,273,132,247,133],"class_list":["post-16028","post","type-post","status-publish","format-standard","has-post-thumbnail","hentry","category-agro","category-al-dia","tag-semanariolocal","tag-informacion","tag-inia-chile","tag-inia-remehue","tag-noticias","tag-osorno","tag-region-de-los-lagos","tag-semanario-local"],"_links":{"self":[{"href":"https:\/\/www.semanariolocal.cl\/index.php?rest_route=\/wp\/v2\/posts\/16028","targetHints":{"allow":["GET"]}}],"collection":[{"href":"https:\/\/www.semanariolocal.cl\/index.php?rest_route=\/wp\/v2\/posts"}],"about":[{"href":"https:\/\/www.semanariolocal.cl\/index.php?rest_route=\/wp\/v2\/types\/post"}],"author":[{"embeddable":true,"href":"https:\/\/www.semanariolocal.cl\/index.php?rest_route=\/wp\/v2\/users\/1"}],"replies":[{"embeddable":true,"href":"https:\/\/www.semanariolocal.cl\/index.php?rest_route=%2Fwp%2Fv2%2Fcomments&post=16028"}],"version-history":[{"count":1,"href":"https:\/\/www.semanariolocal.cl\/index.php?rest_route=\/wp\/v2\/posts\/16028\/revisions"}],"predecessor-version":[{"id":16030,"href":"https:\/\/www.semanariolocal.cl\/index.php?rest_route=\/wp\/v2\/posts\/16028\/revisions\/16030"}],"wp:featuredmedia":[{"embeddable":true,"href":"https:\/\/www.semanariolocal.cl\/index.php?rest_route=\/wp\/v2\/media\/16029"}],"wp:attachment":[{"href":"https:\/\/www.semanariolocal.cl\/index.php?rest_route=%2Fwp%2Fv2%2Fmedia&parent=16028"}],"wp:term":[{"taxonomy":"category","embeddable":true,"href":"https:\/\/www.semanariolocal.cl\/index.php?rest_route=%2Fwp%2Fv2%2Fcategories&post=16028"},{"taxonomy":"post_tag","embeddable":true,"href":"https:\/\/www.semanariolocal.cl\/index.php?rest_route=%2Fwp%2Fv2%2Ftags&post=16028"}],"curies":[{"name":"wp","href":"https:\/\/api.w.org\/{rel}","templated":true}]}}