{"id":16022,"date":"2023-11-29T07:10:00","date_gmt":"2023-11-29T10:10:00","guid":{"rendered":"https:\/\/www.semanariolocal.cl\/?p=16022"},"modified":"2023-11-29T22:22:01","modified_gmt":"2023-11-30T01:22:01","slug":"jovenes-sordas-estudiaran-gastronomia-internacional-y-tradicional-en-santo-tomas","status":"publish","type":"post","link":"https:\/\/www.semanariolocal.cl\/?p=16022","title":{"rendered":"J\u00f3venes sordas estudiaran gastronom\u00eda internacional y tradicional en Santo Tom\u00e1s"},"content":{"rendered":"\n<p>La inclusi\u00f3n en la Educaci\u00f3n Superior tuvo un hito, cuando las siete j\u00f3venes sordas, Gabriela Acu\u00f1a Fern\u00e1ndez, Daniela Alfaro Torrres, Paulina Iribarren Sandoval, Daniela Robledo Espinoza, Nataly Robles Alfaro, Camila Rubat Rojas y Lissete Saavedra Past\u00e9n -adem\u00e1s integrantes de la Fundaci\u00f3n FILSA- se acercaron hasta la sede de Santo Tom\u00e1s Copiap\u00f3, para cumplir su sue\u00f1o: matricularse en una carrera, espec\u00edficamente en Gastronom\u00eda Internacional y Tradicional Chilena.<\/p>\n\n\n\n<p>El Director Acad\u00e9mico de Santo Tom\u00e1s sede Copiap\u00f3, Jos\u00e9 Luis Rojas, manifest\u00f3 que \u201ccomo Instituci\u00f3n estamos contentos que nuestros j\u00f3venes tengan la confianza y claridad para matricularse en nuestra instituci\u00f3n. En este sentido como Santo Tom\u00e1s es fundamental garantizar que todos  nuestros estudiantes tengan acceso equitativo y continuo al aprendizaje en todos los contextos, a trav\u00e9s de los diferentes mecanismos de apoyo con que contamos siendo fundamental para un proceso continuo en la formaci\u00f3n acad\u00e9mica. Por ejemplo, nuestro Plan de Formaci\u00f3n y Desarrollo Docente con capacitaciones en l\u00ednea inclusiva, est\u00e1 orientado a fortalecer las habilidades de los docentes para el desarrollo de una clase inclusiva, que considera la implementaci\u00f3n de ajustes razonables y las necesidades de apoyo que requieran los\/las estudiantes.\u00a0 Hasta la fecha tenemos sobre 10 profesionales que se titularon en nuestra instituci\u00f3n con diferentes condiciones (motora, cognitiva, auditiva, visual \u2013 TEA), esto demuestra el trabajo que realizamos como instituci\u00f3n.<\/p>\n\n\n\n<p>Por su parte, Julio Pizarro Metzdorff, Director de la Fundaci\u00f3n FILSA, coment\u00f3 que \u201cla importancia que reviste este proceso es hist\u00f3rico, no solamente para la fundaci\u00f3n, sino que tambi\u00e9n para la comunidad sorda de Atacama, sino que tambi\u00e9n a nivel nacional, puesto que el procedimiento ha sido una trayectoria de trabajo junto a las j\u00f3venes que est\u00e1n ingresando actualmente a la educaci\u00f3n superior, espec\u00edficamente en Gastronom\u00eda Internacional en Santo Tom\u00e1s Copiap\u00f3. Ellas han participado por dos a\u00f1os en proyectos vinculados a la tem\u00e1tica de gastronom\u00eda. Varias de ellas son madres solteras trabajadoras y toda esta acci\u00f3n actualmente es una innovaci\u00f3n social. Estamos muy felices y agradecidos. Este es el resultado de un trabajo intersectorial\u201d.<\/p>\n\n\n\n<p>Una de las j\u00f3venes matriculadas, Lissete Saavedra Past\u00e9n, sobre este hecho important\u00edsimo en su vida, indic\u00f3 que \u201cnos matriculamos en Gastronom\u00eda para aprender y ojal\u00e1 en un futuro trabajar todas juntas en la Fundaci\u00f3n FILSA. Cuando era peque\u00f1a so\u00f1aba con estudiar y con mis compa\u00f1eras luchamos para poder incluirnos y recibir un t\u00edtulo y hoy justamente podemos tener esa posibilidad de estudiar, de tener un int\u00e9rprete en sala que nos apoyar\u00e1, as\u00ed que estamos muy felices de estar ac\u00e1\u201d.<\/p>\n","protected":false},"excerpt":{"rendered":"<p>\u00abComo Santo Tom\u00e1s es fundamental garantizar que todos  nuestros estudiantes tengan acceso equitativo y continuo al aprendizaje en todos los contextos\u00bb, indic\u00f3 Jos\u00e9 Luis Rojas, Director Acad\u00e9mico de Santo Tom\u00e1s sede Copiap\u00f3.<\/p>\n","protected":false},"author":1,"featured_media":16023,"comment_status":"closed","ping_status":"closed","sticky":false,"template":"","format":"standard","meta":{"footnotes":""},"categories":[3,11],"tags":[2118,768,77,337,273,132,247,74,133,329],"class_list":["post-16022","post","type-post","status-publish","format-standard","has-post-thumbnail","hentry","category-al-dia","category-educacion","tag-semanariolocal","tag-concepcion","tag-educacion","tag-informacion","tag-noticias","tag-osorno","tag-region-de-los-lagos","tag-santo-tomas-2","tag-semanario-local","tag-ust"],"_links":{"self":[{"href":"https:\/\/www.semanariolocal.cl\/index.php?rest_route=\/wp\/v2\/posts\/16022","targetHints":{"allow":["GET"]}}],"collection":[{"href":"https:\/\/www.semanariolocal.cl\/index.php?rest_route=\/wp\/v2\/posts"}],"about":[{"href":"https:\/\/www.semanariolocal.cl\/index.php?rest_route=\/wp\/v2\/types\/post"}],"author":[{"embeddable":true,"href":"https:\/\/www.semanariolocal.cl\/index.php?rest_route=\/wp\/v2\/users\/1"}],"replies":[{"embeddable":true,"href":"https:\/\/www.semanariolocal.cl\/index.php?rest_route=%2Fwp%2Fv2%2Fcomments&post=16022"}],"version-history":[{"count":1,"href":"https:\/\/www.semanariolocal.cl\/index.php?rest_route=\/wp\/v2\/posts\/16022\/revisions"}],"predecessor-version":[{"id":16024,"href":"https:\/\/www.semanariolocal.cl\/index.php?rest_route=\/wp\/v2\/posts\/16022\/revisions\/16024"}],"wp:featuredmedia":[{"embeddable":true,"href":"https:\/\/www.semanariolocal.cl\/index.php?rest_route=\/wp\/v2\/media\/16023"}],"wp:attachment":[{"href":"https:\/\/www.semanariolocal.cl\/index.php?rest_route=%2Fwp%2Fv2%2Fmedia&parent=16022"}],"wp:term":[{"taxonomy":"category","embeddable":true,"href":"https:\/\/www.semanariolocal.cl\/index.php?rest_route=%2Fwp%2Fv2%2Fcategories&post=16022"},{"taxonomy":"post_tag","embeddable":true,"href":"https:\/\/www.semanariolocal.cl\/index.php?rest_route=%2Fwp%2Fv2%2Ftags&post=16022"}],"curies":[{"name":"wp","href":"https:\/\/api.w.org\/{rel}","templated":true}]}}