{"id":16019,"date":"2023-11-29T07:00:00","date_gmt":"2023-11-29T10:00:00","guid":{"rendered":"https:\/\/www.semanariolocal.cl\/?p=16019"},"modified":"2023-11-29T22:13:27","modified_gmt":"2023-11-30T01:13:27","slug":"stem-sigueme-finaliza-ciclo-de-encuentros-con-investigadoras-del-centro-i-mar","status":"publish","type":"post","link":"https:\/\/www.semanariolocal.cl\/?p=16019","title":{"rendered":"STEM S\u00edgueme finaliza ciclo de encuentros con investigadoras del Centro I-Mar"},"content":{"rendered":"\n<p>Estudiantes del Liceo de Ni\u00f1as de Puerto Montt visitaron el Centro de Investigaci\u00f3n I-Mar de la Universidad de Los Lagos, al alero del programa S\u00edgueme, que busca motivar a m\u00e1s estudiantes mujeres a estudiar carreras vinculadas a la tecnolog\u00eda, ciencias, matem\u00e1ticas e ingenier\u00eda. As\u00ed, finaliz\u00f3 el ciclo de encuentros con las investigadoras, que incluy\u00f3 a estudiantes secundarias, provenientes de distintos establecimientos educacionales de la Regi\u00f3n de Los Lagos.<\/p>\n\n\n\n<p>Mariam Hern\u00e1ndez, directora del centro de investigaci\u00f3n universitario rescat\u00f3 el valor de la experiencia de conocer y dialogar con las j\u00f3venes. \u201cComo grupo de investigadoras consideramos que ha sido un aprendizaje para nosotras, interactuar con ni\u00f1as que quieren hacer ciencia. Ha sido muy enriquecedor y nos ha impactado ver que las estudiantes se van con m\u00e1s energ\u00eda y m\u00e1s seguras de lo que quieren hacer\u201d, indic\u00f3 la directora.<\/p>\n\n\n\n<p>\u201cMe gust\u00f3 venir, fue muy interesante. Yo no conoc\u00eda nada de esto y me encant\u00f3\u201d, coment\u00f3 Nicole Gonz\u00e1lez, estudiante de segundo medio del Liceo de Ni\u00f1as. Y es que durante la visita, las estudiantes se sumergieron en el mundo de la investigaci\u00f3n en ciencias del mar, en un encuentro cercano con las investigadoras, para conversar de sue\u00f1os, desaf\u00edos y realidades en la ciencia.<\/p>\n\n\n\n<p>Estudiantes e investigadoras recorrieron juntas laboratorios y dependencias del centro de investigaci\u00f3n y de este modo, exploraron un poco mejor sus propias capacidades.\u201cEsta instancia es muy \u00fatil para tomen una decisi\u00f3n, para que se motiven y se sientan parte de las ciencias. Eso les ayuda a forjar su futuro y ver que todo es posible, para que vean que lo pueden lograr con esfuerzo y perseverancia \u201c, dijo Loreto Ruz, profesora de Biolog\u00eda y Qu\u00edmica Liceo de Ni\u00f1as.<\/p>\n","protected":false},"excerpt":{"rendered":"<p>Centro I-Mar de la Universidad de Los Lagos busca entregar conocimiento de nivel avanzado en el manejo integrado de zonas costeras, principalmente en el sur de Chile desarrollando actividades y fomentando v\u00ednculos con diversas instituciones regionales y nacionales con el fin de orientar su pertinencia e impacto. <\/p>\n","protected":false},"author":1,"featured_media":16020,"comment_status":"closed","ping_status":"closed","sticky":false,"template":"","format":"standard","meta":{"footnotes":""},"categories":[3],"tags":[337,273,132,247,133,84],"class_list":["post-16019","post","type-post","status-publish","format-standard","has-post-thumbnail","hentry","category-al-dia","tag-informacion","tag-noticias","tag-osorno","tag-region-de-los-lagos","tag-semanario-local","tag-ulagos"],"_links":{"self":[{"href":"https:\/\/www.semanariolocal.cl\/index.php?rest_route=\/wp\/v2\/posts\/16019","targetHints":{"allow":["GET"]}}],"collection":[{"href":"https:\/\/www.semanariolocal.cl\/index.php?rest_route=\/wp\/v2\/posts"}],"about":[{"href":"https:\/\/www.semanariolocal.cl\/index.php?rest_route=\/wp\/v2\/types\/post"}],"author":[{"embeddable":true,"href":"https:\/\/www.semanariolocal.cl\/index.php?rest_route=\/wp\/v2\/users\/1"}],"replies":[{"embeddable":true,"href":"https:\/\/www.semanariolocal.cl\/index.php?rest_route=%2Fwp%2Fv2%2Fcomments&post=16019"}],"version-history":[{"count":1,"href":"https:\/\/www.semanariolocal.cl\/index.php?rest_route=\/wp\/v2\/posts\/16019\/revisions"}],"predecessor-version":[{"id":16021,"href":"https:\/\/www.semanariolocal.cl\/index.php?rest_route=\/wp\/v2\/posts\/16019\/revisions\/16021"}],"wp:featuredmedia":[{"embeddable":true,"href":"https:\/\/www.semanariolocal.cl\/index.php?rest_route=\/wp\/v2\/media\/16020"}],"wp:attachment":[{"href":"https:\/\/www.semanariolocal.cl\/index.php?rest_route=%2Fwp%2Fv2%2Fmedia&parent=16019"}],"wp:term":[{"taxonomy":"category","embeddable":true,"href":"https:\/\/www.semanariolocal.cl\/index.php?rest_route=%2Fwp%2Fv2%2Fcategories&post=16019"},{"taxonomy":"post_tag","embeddable":true,"href":"https:\/\/www.semanariolocal.cl\/index.php?rest_route=%2Fwp%2Fv2%2Ftags&post=16019"}],"curies":[{"name":"wp","href":"https:\/\/api.w.org\/{rel}","templated":true}]}}