{"id":16011,"date":"2023-11-28T23:36:53","date_gmt":"2023-11-29T02:36:53","guid":{"rendered":"https:\/\/www.semanariolocal.cl\/?p=16011"},"modified":"2023-11-28T23:36:53","modified_gmt":"2023-11-29T02:36:53","slug":"clinica-kinesica-ulagos-entrego-mas-de-mil-atenciones-gratuitas-en-el-periodo-2022-2023","status":"publish","type":"post","link":"https:\/\/www.semanariolocal.cl\/?p=16011","title":{"rendered":"Cl\u00ednica Kin\u00e9sica ULagos entreg\u00f3 m\u00e1s de mil atenciones gratuitas en el per\u00edodo 2022-2023"},"content":{"rendered":"\n<p>Se trata de atenciones gratuitas a cargo de un competente equipo de estudiantes y acad\u00e9micos de la carrera de Kinesiolog\u00eda, cuya mayor\u00eda de pacientes provienen de la comunidad regional, quienes se recomiendan unos a otros este servicio de salud y en menor medida, pacientes de instituciones como Bomberos de Puerto Montt y del Programa de Reparaci\u00f3n y Atenci\u00f3n Integral en Salud (PRAIS), entre otras instituciones<\/p>\n\n\n\n<p>En el primer semestre de 2023, se realizaron un total de 145 ingresos y 493 atenciones, experimentando un aumento en el segundo semestre, tras la ampliaci\u00f3n de las horas de atenci\u00f3n disponibles a la comunidad. \u201cLos principales problemas &nbsp;m\u00fasculo esquel\u00e9ticos abordados son los asociados a dolor lumbar y alteraciones en la rodilla, meniscos, ligamentos y tendones. Los casos neurol\u00f3gicos m\u00e1s abordados fueron los derivados luego de un accidente cerebro vascular, y en el \u00e1rea respiratoria lo m\u00e1s frecuente son cuadros cr\u00f3nicos de asma y secuelas de COVID\u201d, detall\u00f3 Carolina Fuentes, kinesi\u00f3loga y acad\u00e9mica ULagos.&nbsp;<br><\/p>\n\n\n\n<p>&nbsp;Desde su fundaci\u00f3n en el a\u00f1o 2015, la Cl\u00ednica Kin\u00e9sica ULagos ha ido ampliando el \u00e1mbito de atenciones gratuitas prestadas, contando en la actualidad con un \u00e1rea &nbsp;de rehabilitaci\u00f3n m\u00fasculo esquel\u00e9tica, neurol\u00f3gica y respiratoria. Durante la pandemia, estas atenciones se mantuvieron por la v\u00eda de la telerehabilitaci\u00f3n.<\/p>\n\n\n\n<p>En representaci\u00f3n del equipo acad\u00e9mico que atiende a los y las pacientes, la docente Carolina Fuentes resalt\u00f3 la importancia de prestar un servicio terap\u00e9utico gratuito a la comunidad de vecinos en Chinquihue, Puerto Montt y sus alrededores. \u201cComo equipo de salud sentimos que se hace un tremendo aporte social a nuestra comunidad, al grupo de pacientes cuya mayor\u00eda son vecinos y vecinas de la Universidad en Chinquihue y que se atienden en forma gratuita. &nbsp;En este tiempo, la cl\u00ednica se ha hecho conocida como un centro de atenci\u00f3n de calidad y eso ha permitido que nuestro estudiantado mejore sus conocimientos. De esta manera, nuestros estudiantes adquieren valores como el compa\u00f1erismo y la ayuda mutua, pero en lo disciplinar quienes est\u00e1n en primer a\u00f1o aprenden viendo lo que hacen quienes est\u00e1n en el \u00faltimo a\u00f1o de la carrera. Eso para nosotros como carrera de Kinesiolog\u00eda es una ventaja, porque la oportunidad de aprendizaje entre pares es una herramienta pedag\u00f3gica que ha demostrado ser muy efectiva y esa herramienta la utilizamos en nuestro proceso formativo\u201d, explic\u00f3 la acad\u00e9mica.<\/p>\n","protected":false},"excerpt":{"rendered":"<p>Un total de 207 ingresos de pacientes, que sumaron 1441 atenciones kin\u00e9sicas realiz\u00f3 la Cl\u00ednica Kin\u00e9sica ULagos en el a\u00f1o 2022, seg\u00fan datos proporcionados por \u00a0la casa de estudios estatal. <\/p>\n","protected":false},"author":1,"featured_media":16012,"comment_status":"closed","ping_status":"closed","sticky":false,"template":"","format":"standard","meta":{"footnotes":""},"categories":[3],"tags":[2118,337,273,132,247,133,656,84,297],"class_list":["post-16011","post","type-post","status-publish","format-standard","has-post-thumbnail","hentry","category-al-dia","tag-semanariolocal","tag-informacion","tag-noticias","tag-osorno","tag-region-de-los-lagos","tag-semanario-local","tag-ula","tag-ulagos","tag-universidad-de-los-lagos"],"_links":{"self":[{"href":"https:\/\/www.semanariolocal.cl\/index.php?rest_route=\/wp\/v2\/posts\/16011","targetHints":{"allow":["GET"]}}],"collection":[{"href":"https:\/\/www.semanariolocal.cl\/index.php?rest_route=\/wp\/v2\/posts"}],"about":[{"href":"https:\/\/www.semanariolocal.cl\/index.php?rest_route=\/wp\/v2\/types\/post"}],"author":[{"embeddable":true,"href":"https:\/\/www.semanariolocal.cl\/index.php?rest_route=\/wp\/v2\/users\/1"}],"replies":[{"embeddable":true,"href":"https:\/\/www.semanariolocal.cl\/index.php?rest_route=%2Fwp%2Fv2%2Fcomments&post=16011"}],"version-history":[{"count":1,"href":"https:\/\/www.semanariolocal.cl\/index.php?rest_route=\/wp\/v2\/posts\/16011\/revisions"}],"predecessor-version":[{"id":16013,"href":"https:\/\/www.semanariolocal.cl\/index.php?rest_route=\/wp\/v2\/posts\/16011\/revisions\/16013"}],"wp:featuredmedia":[{"embeddable":true,"href":"https:\/\/www.semanariolocal.cl\/index.php?rest_route=\/wp\/v2\/media\/16012"}],"wp:attachment":[{"href":"https:\/\/www.semanariolocal.cl\/index.php?rest_route=%2Fwp%2Fv2%2Fmedia&parent=16011"}],"wp:term":[{"taxonomy":"category","embeddable":true,"href":"https:\/\/www.semanariolocal.cl\/index.php?rest_route=%2Fwp%2Fv2%2Fcategories&post=16011"},{"taxonomy":"post_tag","embeddable":true,"href":"https:\/\/www.semanariolocal.cl\/index.php?rest_route=%2Fwp%2Fv2%2Ftags&post=16011"}],"curies":[{"name":"wp","href":"https:\/\/api.w.org\/{rel}","templated":true}]}}