{"id":15999,"date":"2023-11-28T08:00:00","date_gmt":"2023-11-28T11:00:00","guid":{"rendered":"https:\/\/www.semanariolocal.cl\/?p=15999"},"modified":"2023-11-28T22:26:47","modified_gmt":"2023-11-29T01:26:47","slug":"jardin-infantil-flores-del-valle-realizo-marcha-familiar-por-los-derechos-de-los-ninos-y-ninas","status":"publish","type":"post","link":"https:\/\/www.semanariolocal.cl\/?p=15999","title":{"rendered":"Jard\u00edn Infantil Flores del Valle realiz\u00f3 marcha familiar por los Derechos de los Ni\u00f1os y Ni\u00f1as"},"content":{"rendered":"\n<p>El recorrido tuvo lugar en el sector de Valle Volcanes desde el jard\u00edn infantil hasta la rotonda de calle Cerro Tronador, y participaron los niveles medios del establecimiento, donde junto a sus familias ratificaron los derechos de ni\u00f1os y ni\u00f1as en el Mes de las Infancias.<\/p>\n\n\n\n<p>\u201cNuestro jard\u00edn infantil este a\u00f1o ha querido relevar el buen trato para todos nuestros ni\u00f1os y ni\u00f1as con una marcha familiar de difusi\u00f3n de sus derechos con una gran participaci\u00f3n. Salimos de nuestro establecimiento y recorrimos algunas calles del sector Valle Volcanes. Estuvimos acompa\u00f1ados por Carabineros de Chile y cada ni\u00f1o y ni\u00f1a llevaba un cartel de difusi\u00f3n de los principales derechos de los p\u00e1rvulos. Con esta acci\u00f3n buscamos difundir el buen trato para poder disminuir las tasas de violencia que hoy en d\u00eda afecta a ni\u00f1os y ni\u00f1as\u201d indic\u00f3 la directora del establecimiento, Consuelo Ballesteros.<\/p>\n\n\n\n<p>El director regional, Francisco Oshiro Riveros sostuvo que \u201cla Junji est\u00e1 todo el a\u00f1o con la infancia, por lo tanto, para nosotros es importante poder relevar siempre estos derechos ya que desde el a\u00f1o 1989 la Asamblea General de las Naciones Unidas aprueba este mes de la Infancia.&nbsp; En este sentido nuestros jardines, nuestras educadoras, nuestros equipos est\u00e1n haciendo una serie de actividades siempre para hacer part\u00edcipe a las familias y a la comunidad de la importancia que tienen las futuras generaciones\u201d.<\/p>\n\n\n\n<p>Agreg\u00f3 que \u201ces importante acercar las primeras infancias a la educaci\u00f3n, por lo que reiteramos el llamado a que puedan inscribir a los ni\u00f1os y ni\u00f1as a los jardines y que puedan postular a los cupos que tenemos en Junji hasta el 30 de noviembre\u201d.<\/p>\n\n\n\n<p>La Convenci\u00f3n sobre los Derechos del Ni\u00f1o y Ni\u00f1a busca promover en el mundo los derechos de los ni\u00f1os y ni\u00f1as, cambiando definitivamente la concepci\u00f3n de la infancia. Chile ratific\u00f3 este convenio internacional el 14 de agosto de 1990, el que se rige por cuatro principios fundamentales: la no discriminaci\u00f3n, el inter\u00e9s superior del ni\u00f1o, su supervivencia, desarrollo y protecci\u00f3n, as\u00ed como su participaci\u00f3n en decisiones que les afecten.<\/p>\n","protected":false},"excerpt":{"rendered":"<p>La comunidad educativa particip\u00f3 activamente del recorrido y difusi\u00f3n con carteles por el sector alto de la ciudad de Puerto Montt, para relevar las voces de las infancias.<\/p>\n","protected":false},"author":1,"featured_media":16000,"comment_status":"closed","ping_status":"closed","sticky":false,"template":"","format":"standard","meta":{"footnotes":""},"categories":[3,8,11],"tags":[2118,77,337,35,273,113,247,133],"class_list":["post-15999","post","type-post","status-publish","format-standard","has-post-thumbnail","hentry","category-al-dia","category-comunas","category-educacion","tag-semanariolocal","tag-educacion","tag-informacion","tag-junji","tag-noticias","tag-puerto-montt","tag-region-de-los-lagos","tag-semanario-local"],"_links":{"self":[{"href":"https:\/\/www.semanariolocal.cl\/index.php?rest_route=\/wp\/v2\/posts\/15999","targetHints":{"allow":["GET"]}}],"collection":[{"href":"https:\/\/www.semanariolocal.cl\/index.php?rest_route=\/wp\/v2\/posts"}],"about":[{"href":"https:\/\/www.semanariolocal.cl\/index.php?rest_route=\/wp\/v2\/types\/post"}],"author":[{"embeddable":true,"href":"https:\/\/www.semanariolocal.cl\/index.php?rest_route=\/wp\/v2\/users\/1"}],"replies":[{"embeddable":true,"href":"https:\/\/www.semanariolocal.cl\/index.php?rest_route=%2Fwp%2Fv2%2Fcomments&post=15999"}],"version-history":[{"count":1,"href":"https:\/\/www.semanariolocal.cl\/index.php?rest_route=\/wp\/v2\/posts\/15999\/revisions"}],"predecessor-version":[{"id":16001,"href":"https:\/\/www.semanariolocal.cl\/index.php?rest_route=\/wp\/v2\/posts\/15999\/revisions\/16001"}],"wp:featuredmedia":[{"embeddable":true,"href":"https:\/\/www.semanariolocal.cl\/index.php?rest_route=\/wp\/v2\/media\/16000"}],"wp:attachment":[{"href":"https:\/\/www.semanariolocal.cl\/index.php?rest_route=%2Fwp%2Fv2%2Fmedia&parent=15999"}],"wp:term":[{"taxonomy":"category","embeddable":true,"href":"https:\/\/www.semanariolocal.cl\/index.php?rest_route=%2Fwp%2Fv2%2Fcategories&post=15999"},{"taxonomy":"post_tag","embeddable":true,"href":"https:\/\/www.semanariolocal.cl\/index.php?rest_route=%2Fwp%2Fv2%2Ftags&post=15999"}],"curies":[{"name":"wp","href":"https:\/\/api.w.org\/{rel}","templated":true}]}}