{"id":15927,"date":"2023-11-24T09:00:00","date_gmt":"2023-11-24T12:00:00","guid":{"rendered":"https:\/\/www.semanariolocal.cl\/?p=15927"},"modified":"2023-11-24T15:02:58","modified_gmt":"2023-11-24T18:02:58","slug":"docente-de-santo-tomas-osorno-participa-en-international-faculty-week-en-mexico","status":"publish","type":"post","link":"https:\/\/www.semanariolocal.cl\/?p=15927","title":{"rendered":"Docente de Santo Tom\u00e1s Osorno participa en International Faculty Week en M\u00e9xico"},"content":{"rendered":"\n<p>El acad\u00e9mico del \u00e1rea de Administraci\u00f3n del Instituto Profesional Santo Tom\u00e1s Osorno fue seleccionado por el Tecnol\u00f3gico de Monterrey, M\u00e9xico para participar de una instancia de transformaci\u00f3n digital que re\u00fane a profesionales de todo el mundo denominada \u201cInternational Faculty Week 2023\u201d, que tiene por objetivo compartir experiencias con otros colegas docentes en materia de tecnolog\u00edas de vanguardia, al mismo tiempo, formando a las nuevas generaciones con una mentalidad digital orientada al futuro.<\/p>\n\n\n\n<p>El profesional de Santo Tom\u00e1s Osorno es titulado de la carrera de Ingenier\u00eda de Ejecuci\u00f3n en Administraci\u00f3n. En 2022 fue reconocido como Docente Destacado de la sede Osorno. Actualmente es subgerente de negocios digitales y lidera la transformaci\u00f3n digital para clientes del canal tradicional, con una cartera de m\u00e1s de 25.000 clientes de Buin a Chile Chico y se desempe\u00f1a como docente de Planificaci\u00f3n Estrat\u00e9gica y Econom\u00eda en el \u00e1rea de Administraci\u00f3n de Santo Tom\u00e1s Osorno. En su perfil acad\u00e9mico destaca su t\u00edtulo como Ingeniero en Administraci\u00f3n titulado de Santo Tom\u00e1s Osorno, con un MBA de la U. Austral de Chile, Mg. en Estrategia de negocios de la U. de los Andes, Dip. en Marketing Digital de la U. de los Andes y Dip. en Growth Marketing de la U.Andres Bello.<\/p>\n\n\n\n<p>Para Mu\u00f1oz, la selecci\u00f3n de estos profesores significa que \u201csomos pioneros en una cruzada para preparar mentes j\u00f3venes en habilidades que a\u00fan no existen, para trabajos que todav\u00eda no se inventan, resolviendo problemas que a\u00fan no podemos imaginar. Hay que dar un salto cu\u00e1ntico m\u00e1s all\u00e1 de lo que hoy conocemos como posible. La transformaci\u00f3n digital no es una opci\u00f3n, es una necesidad urgente. No se trata solo de incorporar nuevas tecnolog\u00edas, sino de una metamorfosis cultural y social\u201d.<\/p>\n\n\n\n<p>Agreg\u00f3 que \u201cesta invitaci\u00f3n al Tecnol\u00f3gico de Monterrey representa para nosotros, los seleccionados, no s\u00f3lo un logro institucional, sino una verdadera impresi\u00f3n de nuestro compromiso con la excelencia educativa. Es un reconocimiento tangible a la dedicaci\u00f3n y al esfuerzo de cada miembro de nuestra comunidad en Osorno. La oportunidad de participar en este proyecto de transformaci\u00f3n digital no solo enriquece nuestras pr\u00e1cticas docentes, sino que tambi\u00e9n confirma la relevancia global de nuestra labor. Agradezco profundamente a nuestro equipo directivo, encabezado por Claudia Delgado, por su apoyo constante que nos ha permitido estar alineados con los objetivos de la instituci\u00f3n. Esta experiencia no es solo un premio para unos pocos; es una validaci\u00f3n del impacto colectivo que tenemos en la educaci\u00f3n y una invitaci\u00f3n a seguir explorando nuevos horizontes\u201d.<\/p>\n\n\n\n<p>Bajo el nombre de su exposici\u00f3n: Estrategia y Transformaci\u00f3n Digital, abordar\u00e1 esta semana la exploraci\u00f3n de un amplio espectro de temas cruciales para el mundo digital. \u201cHablaremos sobre las tendencias tecnol\u00f3gicas m\u00e1s recientes, como inteligencia artificial y blockchain, para comprender c\u00f3mo est\u00e1n dando forma a los negocios modernos. Analizaremos estrategias digitales avanzadas, desde SEO hasta an\u00e1lisis de datos, para proporcionar a los estudiantes las herramientas necesarias para navegar en el paisaje digital en constante cambio. Adem\u00e1s, examinaremos la innovaci\u00f3n digital y el emprendimiento tecnol\u00f3gico, destacando c\u00f3mo las nuevas ideas y startups est\u00e1n transformando industrias\u201d.<\/p>\n\n\n\n<p>La International Faculty Week 2023 conecta a los miembros de la facultad de las universidades asociadas del TEC en todo el mundo, brindando la oportunidad de ense\u00f1ar en un entorno multicultural mientras interact\u00faa con estudiantes del TEC de todas las \u00e1reas y establece contactos con colegas internacionales de manera presencial en los campus internacionales del Tecnol\u00f3gico de Monterrey.<\/p>\n","protected":false},"excerpt":{"rendered":"<p>La International Faculty Week 2023 re\u00fane a profesores de destacadas universidades brind\u00e1ndoles la oportunidad de compartir su experiencia docente y ense\u00f1ar en un entorno multicultural al amparo del  Tecnol\u00f3gico de Monterrey, una de las mejores  universidades privada de M\u00e9xico, as\u00ed como una de las instituciones l\u00edderes en Am\u00e9rica Latina con reconocido prestigio.<\/p>\n","protected":false},"author":1,"featured_media":15928,"comment_status":"closed","ping_status":"closed","sticky":false,"template":"","format":"standard","meta":{"footnotes":""},"categories":[3],"tags":[2118,77,337,2511,273,132,247,2359,133],"class_list":["post-15927","post","type-post","status-publish","format-standard","has-post-thumbnail","hentry","category-al-dia","tag-semanariolocal","tag-educacion","tag-informacion","tag-international-faculty-week-2023","tag-noticias","tag-osorno","tag-region-de-los-lagos","tag-santo-tomas-osorno","tag-semanario-local"],"_links":{"self":[{"href":"https:\/\/www.semanariolocal.cl\/index.php?rest_route=\/wp\/v2\/posts\/15927","targetHints":{"allow":["GET"]}}],"collection":[{"href":"https:\/\/www.semanariolocal.cl\/index.php?rest_route=\/wp\/v2\/posts"}],"about":[{"href":"https:\/\/www.semanariolocal.cl\/index.php?rest_route=\/wp\/v2\/types\/post"}],"author":[{"embeddable":true,"href":"https:\/\/www.semanariolocal.cl\/index.php?rest_route=\/wp\/v2\/users\/1"}],"replies":[{"embeddable":true,"href":"https:\/\/www.semanariolocal.cl\/index.php?rest_route=%2Fwp%2Fv2%2Fcomments&post=15927"}],"version-history":[{"count":1,"href":"https:\/\/www.semanariolocal.cl\/index.php?rest_route=\/wp\/v2\/posts\/15927\/revisions"}],"predecessor-version":[{"id":15929,"href":"https:\/\/www.semanariolocal.cl\/index.php?rest_route=\/wp\/v2\/posts\/15927\/revisions\/15929"}],"wp:featuredmedia":[{"embeddable":true,"href":"https:\/\/www.semanariolocal.cl\/index.php?rest_route=\/wp\/v2\/media\/15928"}],"wp:attachment":[{"href":"https:\/\/www.semanariolocal.cl\/index.php?rest_route=%2Fwp%2Fv2%2Fmedia&parent=15927"}],"wp:term":[{"taxonomy":"category","embeddable":true,"href":"https:\/\/www.semanariolocal.cl\/index.php?rest_route=%2Fwp%2Fv2%2Fcategories&post=15927"},{"taxonomy":"post_tag","embeddable":true,"href":"https:\/\/www.semanariolocal.cl\/index.php?rest_route=%2Fwp%2Fv2%2Ftags&post=15927"}],"curies":[{"name":"wp","href":"https:\/\/api.w.org\/{rel}","templated":true}]}}