{"id":15871,"date":"2023-11-21T13:46:38","date_gmt":"2023-11-21T16:46:38","guid":{"rendered":"https:\/\/www.semanariolocal.cl\/?p=15871"},"modified":"2023-11-21T13:48:46","modified_gmt":"2023-11-21T16:48:46","slug":"credito-asociativo-escalable-el-nuevo-instrumento-financiero-de-indap-para-empresas-campesinas","status":"publish","type":"post","link":"https:\/\/www.semanariolocal.cl\/?p=15871","title":{"rendered":"Cr\u00e9dito Asociativo Escalable: el nuevo instrumento financiero de INDAP para empresas campesinas"},"content":{"rendered":"\n<p>El programa se financia con recursos internos de INDAP y est\u00e1 orientado a organizaciones en etapa de escalamiento comercial. Para ello se considera el financiamiento v\u00eda cr\u00e9dito de proyectos que presenten las Empresas Asociativas Campesinas (EACs) identificadas en sus regiones, para ocupar en inversi\u00f3n como en capital de trabajo, articulado con un incentivo a la inversi\u00f3n (PDI) y con apoyo profesional a la comercializaci\u00f3n (PAE).<\/p>\n\n\n\n<p>Para ello, la Divisi\u00f3n de Asistencia Financiera de INDAP ya ha trabajado con cinco regiones (Arica y Parinacota; Maule, \u00d1uble, Los Lagos y Ays\u00e9n) consiguiendo con dos de ellas (Maule y Ays\u00e9n) identificar cooperativas con el perfil requerido, con la correspondiente generaci\u00f3n de un proyecto comercial escalable y asignar los recursos necesarios para la implementaci\u00f3n de los mismos.<\/p>\n\n\n\n<p>En el avance de implementaci\u00f3n de este nuevo instrumento financiero, se inici\u00f3 la instalaci\u00f3n de las mesas t\u00e9cnicas, que ser\u00e1n las encargadas de llevar adelante la ejecuci\u00f3n del Cr\u00e9dito Asociativo Escalable, partiendo en la regi\u00f3n del Maule. En dicha jornada, participaron el director regional, Jorge C\u00e9spedes; profesionales de Fomento y Asistencia Financiera de la direcci\u00f3n regional y jefes de \u00e1rea.<\/p>\n\n\n\n<p>Durante la instalaci\u00f3n de la mesa, una delegaci\u00f3n del nivel central, liderada por Arnaldo Labarra, jefe de la Divisi\u00f3n de Asistencia Financiera, y profesionales del departamento de Cr\u00e9dito y la Unidad de Normalizaci\u00f3n de Cartera, destacaron la relevancia de este programa en los lineamientos estrat\u00e9gicos ministeriales e institucionales. Asimismo, informaron sobre los resultados del piloto Interno desarrollado durante el 2023 y la propuesta del plan de trabajo para la implementaci\u00f3n al 2024, a\u00f1o en el cual se implementa en todo el pa\u00eds.<\/p>\n\n\n\n<p>El jefe de la Divisi\u00f3n de Asistencia Financiera, precis\u00f3 que esta iniciativa responde al eje estrat\u00e9gico de Mercados Inclusivos. Coment\u00f3 que \u00abse hace fundamental que INDAP disponga activamente de una alternativa institucional orientada a apoyar organizaciones que est\u00e1n en una etapa potencial y madurez para escalar productiva y comercialmente a trav\u00e9s de un programa de financiamiento v\u00eda cr\u00e9dito, articulado con un incentivo a la inversi\u00f3n (PDI) y apoyo profesional a la comercializaci\u00f3n (PAE)\u201d.<\/p>\n\n\n\n<p>Destac\u00f3 que esto significa \u201cpensar en un INDAP que integralmente fortalece y apoya el ciclo de desarrollo de organizaciones en su crecimiento y, por tanto, a la peque\u00f1a agricultura familiar campesina del pa\u00eds\u00bb.<\/p>\n\n\n\n<p>Durante la etapa piloto se realiz\u00f3 una selecci\u00f3n entre cooperativas pertenecientes a las regiones de Arica y Parinacota; Maule, \u00d1uble, Los Lagos y Ays\u00e9n, identific\u00e1ndose dos empresas que calificaban: cooperativa Campesina de Mujeres de Pelarco (CoopCam) del Maule y la cooperativa R\u00edo Baker, de Ays\u00e9n. Ambas se encuentran en etapa de asignaci\u00f3n de los recursos, que bordean los 16 millones de pesos por asociaci\u00f3n. Durante el 2024 podr\u00e1n postular empresas de todas las regiones que re\u00fanan los requisitos: ser usuarias de INDAP y tener un perfil comercial escalable, lo que ser\u00e1 sometido a evaluaci\u00f3n en las mesas t\u00e9cnicas.<\/p>\n","protected":false},"excerpt":{"rendered":"<p>Con la instalaci\u00f3n de una mesa t\u00e9cnica en Maule, se inici\u00f3 el despliegue territorial y trabajo directo con las 16 direcciones regionales para implementar el Cr\u00e9dito Asociativo Escalable de INDAP, un instrumento nuevo destinado a fortalecer la asociatividad de las empresas campesinas, mediante la articulaci\u00f3n de financiamiento v\u00eda incentivo y cr\u00e9dito de largo plazo.<\/p>\n","protected":false},"author":1,"featured_media":15872,"comment_status":"closed","ping_status":"closed","sticky":false,"template":"","format":"standard","meta":{"footnotes":""},"categories":[3],"tags":[2118,70,191,810,337,1808,273,132,247,133],"class_list":["post-15871","post","type-post","status-publish","format-standard","has-post-thumbnail","hentry","category-al-dia","tag-semanariolocal","tag-desarrollo","tag-gobierno","tag-indap","tag-informacion","tag-inversion","tag-noticias","tag-osorno","tag-region-de-los-lagos","tag-semanario-local"],"_links":{"self":[{"href":"https:\/\/www.semanariolocal.cl\/index.php?rest_route=\/wp\/v2\/posts\/15871","targetHints":{"allow":["GET"]}}],"collection":[{"href":"https:\/\/www.semanariolocal.cl\/index.php?rest_route=\/wp\/v2\/posts"}],"about":[{"href":"https:\/\/www.semanariolocal.cl\/index.php?rest_route=\/wp\/v2\/types\/post"}],"author":[{"embeddable":true,"href":"https:\/\/www.semanariolocal.cl\/index.php?rest_route=\/wp\/v2\/users\/1"}],"replies":[{"embeddable":true,"href":"https:\/\/www.semanariolocal.cl\/index.php?rest_route=%2Fwp%2Fv2%2Fcomments&post=15871"}],"version-history":[{"count":1,"href":"https:\/\/www.semanariolocal.cl\/index.php?rest_route=\/wp\/v2\/posts\/15871\/revisions"}],"predecessor-version":[{"id":15873,"href":"https:\/\/www.semanariolocal.cl\/index.php?rest_route=\/wp\/v2\/posts\/15871\/revisions\/15873"}],"wp:featuredmedia":[{"embeddable":true,"href":"https:\/\/www.semanariolocal.cl\/index.php?rest_route=\/wp\/v2\/media\/15872"}],"wp:attachment":[{"href":"https:\/\/www.semanariolocal.cl\/index.php?rest_route=%2Fwp%2Fv2%2Fmedia&parent=15871"}],"wp:term":[{"taxonomy":"category","embeddable":true,"href":"https:\/\/www.semanariolocal.cl\/index.php?rest_route=%2Fwp%2Fv2%2Fcategories&post=15871"},{"taxonomy":"post_tag","embeddable":true,"href":"https:\/\/www.semanariolocal.cl\/index.php?rest_route=%2Fwp%2Fv2%2Ftags&post=15871"}],"curies":[{"name":"wp","href":"https:\/\/api.w.org\/{rel}","templated":true}]}}