{"id":15638,"date":"2023-11-10T13:29:55","date_gmt":"2023-11-10T16:29:55","guid":{"rendered":"https:\/\/www.semanariolocal.cl\/?p=15638"},"modified":"2023-11-10T13:29:56","modified_gmt":"2023-11-10T16:29:56","slug":"senador-espinoza-por-finiquitos-de-manipuladora-de-alimentos-orgullosos-y-satisfechos","status":"publish","type":"post","link":"https:\/\/www.semanariolocal.cl\/?p=15638","title":{"rendered":"Senador Espinoza por finiquitos de manipuladora de alimentos: \u00aborgullosos y satisfechos\u00bb"},"content":{"rendered":"\n<p>El senador (PS) Fidel Espinoza manifest\u00f3 su orgullo y satisfacci\u00f3n tras conocer la noticia de que, finalmente, fue emitido el Decreto que permitir\u00e1 el pago de finiquitos, de cientos de manipuladoras de alimentos de la provincia de Osorno, que luchaban por este derecho desde hace tres a\u00f1os.<\/p>\n\n\n\n<p><em>\u201cSe culmina un largo periodo, estamos muy felices, muy contentos porque por fin hoy d\u00eda ha salido el decreto del ministerio de Justicia, que va a permitir que ya dentro de las pr\u00f3ximas horas, a m\u00e1s tardar lunes o martes, ya se pueda cancelar los finiquitos a las 550 manipuladoras de alimentos de Osorno que hab\u00edan quedado rezagadas, producto que hab\u00edan tenido un fallo adverso judicial que determin\u00f3 que tuvi\u00e9ramos que llegar a un acuerdo con el Consejo de Defensa del Estado\u201d,<\/em> argument\u00f3 el parlamentario.<\/p>\n\n\n\n<p>Con esta acci\u00f3n se concretar\u00e1 la totalidad del pago de finiquitos, de la demanda de 2 mil trabajadoras de Chilo\u00e9, Llanquihue y Osorno que, en junio de 2020, fueron despedidas por la empresa Dipralsa, porque la Junaeb, entidad de la que la empresa era concesionaria, hab\u00eda puesto t\u00e9rmino anticipado a un contrato de suministro de raciones alimenticias.<\/p>\n\n\n\n<p>En ese contexto, las afectadas presentaron demandas ante los juzgados del trabajo respectivos, que en el caso de las trabajadoras de Osorno, se vieron largamente dilatadas por un primer resultado adverso, que pudo ser revertido gracias a la lucha persistente de dirigentas y abogados, las gestiones del senador Fidel Espinoza y la buena disposici\u00f3n de las autoridades.<\/p>\n\n\n\n<p><em>\u201cYo quiero agradecer p\u00fablicamente el gran apoyo que siempre tuvimos de la directora nacional de la Junaeb, as\u00ed como de la directora regional Adriana Maldonado, pero tambi\u00e9n y por sobre todas las cosas del ministro de Justicia, Luis Cordero, que siempre nos estuvo apoyando. El gran trabajo del equipo de abogados que representaron a las trabajadoras, el abogado Braulio Sanhueza y su equipo fueron gravitantes en este \u00e9xito que hoy d\u00eda se ve coronado con este decreto, que ya ha sido entregado a la Junaeb en la ma\u00f1ana del d\u00eda de hoy para proceder a los pagos\u201d<\/em>, manifest\u00f3 Espinoza.<\/p>\n\n\n\n<p>El senador socialista agradeci\u00f3 adem\u00e1s \u201c<em>la paciencia que tuvieron las dirigentas y las cientos de manipuladoras que sab\u00edan y supieron siempre, que la estuvimos acompa\u00f1ando durante todo este proceso, durante largo tiempo. Quiero agradecerles el respeto que siempre tuvieron\u201d.<\/em><\/p>\n\n\n\n<p>Finalmente se\u00f1al\u00f3 comprender la desesperaci\u00f3n de una minor\u00eda de trabajadoras que en los \u00faltimos d\u00edas realizaron cr\u00edticas y les asegur\u00f3 que <em>\u201cnunca dejamos de trabajar por lograr este objetivo\u201d. <\/em>Aprovech\u00f3 la ocasi\u00f3n, adem\u00e1s, para llamar a algunos pol\u00edticos que desconoc\u00edan los procesos, a cuidar sus comentarios.<\/p>\n\n\n\n<p><em>\u201cA aquellos parlamentarios que a \u00faltima hora se quisieron sumar para aparecer en la foto, decirles que ese no es el mecanismo. Hay un diputado de la derecha, de Osorno, que sali\u00f3 en estos d\u00edas criticando duramente las demoras que hab\u00eda en este tema, sin conocer todo lo que hab\u00eda pasado en el fondo de esta situaci\u00f3n. A ese parlamentario decirles que fue su gobierno, el gobierno del presidente Sebasti\u00e1n Pi\u00f1era, que finiquit\u00f3 a la empresa Dipralsa, lo que signific\u00f3 el desmedro de las trabajadoras manipuladoras de alimentos. Por lo tanto, hay &nbsp;que ser s\u00faper cuidadosos. Pretender meterse a \u00faltima hora siempre termina teniendo sus costos, cuando no se es responsable con el trabajo que uno realiza\u201d,<\/em> concluy\u00f3 el senador.<\/p>\n","protected":false},"excerpt":{"rendered":"<p>El parlamentario agradeci\u00f3 la gesti\u00f3n y trabajo conjunto del ministerio<br \/>\nde Justicia, Junaeb, abogados y dirigentes de las trabajadoras afectadas y llam\u00f3 a la rectitud a los pol\u00edticos que han tratado de aprovecharse de esta situaci\u00f3n.<\/p>\n","protected":false},"author":1,"featured_media":15639,"comment_status":"closed","ping_status":"closed","sticky":false,"template":"","format":"standard","meta":{"footnotes":""},"categories":[3,6],"tags":[2118,337,1633,273,132,247,133,702],"class_list":["post-15638","post","type-post","status-publish","format-standard","has-post-thumbnail","hentry","category-al-dia","category-politica","tag-semanariolocal","tag-informacion","tag-manipuladoras","tag-noticias","tag-osorno","tag-region-de-los-lagos","tag-semanario-local","tag-senador-fidel-espinoza"],"_links":{"self":[{"href":"https:\/\/www.semanariolocal.cl\/index.php?rest_route=\/wp\/v2\/posts\/15638","targetHints":{"allow":["GET"]}}],"collection":[{"href":"https:\/\/www.semanariolocal.cl\/index.php?rest_route=\/wp\/v2\/posts"}],"about":[{"href":"https:\/\/www.semanariolocal.cl\/index.php?rest_route=\/wp\/v2\/types\/post"}],"author":[{"embeddable":true,"href":"https:\/\/www.semanariolocal.cl\/index.php?rest_route=\/wp\/v2\/users\/1"}],"replies":[{"embeddable":true,"href":"https:\/\/www.semanariolocal.cl\/index.php?rest_route=%2Fwp%2Fv2%2Fcomments&post=15638"}],"version-history":[{"count":1,"href":"https:\/\/www.semanariolocal.cl\/index.php?rest_route=\/wp\/v2\/posts\/15638\/revisions"}],"predecessor-version":[{"id":15640,"href":"https:\/\/www.semanariolocal.cl\/index.php?rest_route=\/wp\/v2\/posts\/15638\/revisions\/15640"}],"wp:featuredmedia":[{"embeddable":true,"href":"https:\/\/www.semanariolocal.cl\/index.php?rest_route=\/wp\/v2\/media\/15639"}],"wp:attachment":[{"href":"https:\/\/www.semanariolocal.cl\/index.php?rest_route=%2Fwp%2Fv2%2Fmedia&parent=15638"}],"wp:term":[{"taxonomy":"category","embeddable":true,"href":"https:\/\/www.semanariolocal.cl\/index.php?rest_route=%2Fwp%2Fv2%2Fcategories&post=15638"},{"taxonomy":"post_tag","embeddable":true,"href":"https:\/\/www.semanariolocal.cl\/index.php?rest_route=%2Fwp%2Fv2%2Ftags&post=15638"}],"curies":[{"name":"wp","href":"https:\/\/api.w.org\/{rel}","templated":true}]}}