{"id":15632,"date":"2023-11-10T12:16:24","date_gmt":"2023-11-10T15:16:24","guid":{"rendered":"https:\/\/www.semanariolocal.cl\/?p=15632"},"modified":"2023-11-10T12:16:24","modified_gmt":"2023-11-10T15:16:24","slug":"fallece-jueza-del-juzgado-de-letras-y-familia-de-rio-negro","status":"publish","type":"post","link":"https:\/\/www.semanariolocal.cl\/?p=15632","title":{"rendered":"Fallece jueza del Juzgado de Letras y Familia de R\u00edo Negro"},"content":{"rendered":"\n<p>Su velorio tuvo lugar ayer, jueves 9 de noviembre, en la ciudad de Santiago. Sus restos mortales ser\u00e1n cremados el d\u00eda de hoy, en una ceremonia privada.<\/p>\n\n\n\n<p>La magistrada Negr\u00f3n curs\u00f3 sus estudios superiores en Universidad Austral de Valdivia y obtuvo el t\u00edtulo de abogada en 2006. Ingres\u00f3 al Poder Judicial&nbsp; el 13 de septiembre de 2010, como jefa de unidad de Atenci\u00f3n de P\u00fablico del Tribunal de Juicio Oral en lo Penal de Osorno; en marzo de 2017 fue nombrada por el tribunal de alzada valdiviano como secretaria titular del Juzgado de Letras y Familia de R\u00edo Negro, cargo que ejerci\u00f3 hasta el 9 de agosto de 2018, fecha en que jur\u00f3 como jueza titular del mismo&nbsp;tribunal.<\/p>\n","protected":false},"excerpt":{"rendered":"<p>El Juzgado de Letras y Familia de R\u00edo Negro lamenta informar el sensible fallecimiento de la jueza Karen Negr\u00f3n C\u00e1rcamo (Q.E.P.D.).\u00a0<\/p>\n","protected":false},"author":1,"featured_media":15633,"comment_status":"closed","ping_status":"closed","sticky":false,"template":"","format":"standard","meta":{"footnotes":""},"categories":[3],"tags":[],"class_list":["post-15632","post","type-post","status-publish","format-standard","has-post-thumbnail","hentry","category-al-dia"],"_links":{"self":[{"href":"https:\/\/www.semanariolocal.cl\/index.php?rest_route=\/wp\/v2\/posts\/15632","targetHints":{"allow":["GET"]}}],"collection":[{"href":"https:\/\/www.semanariolocal.cl\/index.php?rest_route=\/wp\/v2\/posts"}],"about":[{"href":"https:\/\/www.semanariolocal.cl\/index.php?rest_route=\/wp\/v2\/types\/post"}],"author":[{"embeddable":true,"href":"https:\/\/www.semanariolocal.cl\/index.php?rest_route=\/wp\/v2\/users\/1"}],"replies":[{"embeddable":true,"href":"https:\/\/www.semanariolocal.cl\/index.php?rest_route=%2Fwp%2Fv2%2Fcomments&post=15632"}],"version-history":[{"count":1,"href":"https:\/\/www.semanariolocal.cl\/index.php?rest_route=\/wp\/v2\/posts\/15632\/revisions"}],"predecessor-version":[{"id":15634,"href":"https:\/\/www.semanariolocal.cl\/index.php?rest_route=\/wp\/v2\/posts\/15632\/revisions\/15634"}],"wp:featuredmedia":[{"embeddable":true,"href":"https:\/\/www.semanariolocal.cl\/index.php?rest_route=\/wp\/v2\/media\/15633"}],"wp:attachment":[{"href":"https:\/\/www.semanariolocal.cl\/index.php?rest_route=%2Fwp%2Fv2%2Fmedia&parent=15632"}],"wp:term":[{"taxonomy":"category","embeddable":true,"href":"https:\/\/www.semanariolocal.cl\/index.php?rest_route=%2Fwp%2Fv2%2Fcategories&post=15632"},{"taxonomy":"post_tag","embeddable":true,"href":"https:\/\/www.semanariolocal.cl\/index.php?rest_route=%2Fwp%2Fv2%2Ftags&post=15632"}],"curies":[{"name":"wp","href":"https:\/\/api.w.org\/{rel}","templated":true}]}}