{"id":15628,"date":"2023-11-09T21:11:04","date_gmt":"2023-11-10T00:11:04","guid":{"rendered":"https:\/\/www.semanariolocal.cl\/?p=15628"},"modified":"2023-11-09T21:11:05","modified_gmt":"2023-11-10T00:11:05","slug":"diputado-lilayu-exige-acotar-responsabilidades-luego-de-conocido-informe-de-contraloria","status":"publish","type":"post","link":"https:\/\/www.semanariolocal.cl\/?p=15628","title":{"rendered":"Diputado Lilayu exige acotar responsabilidades luego de conocido informe de Contralor\u00eda"},"content":{"rendered":"\n<p>La auditor\u00eda, explic\u00f3 Lilay\u00fa, se realiz\u00f3 luego que estallara el caso \u201cconvenios\u201d y el Serviu de la regi\u00f3n de Los Lagos arroj\u00f3 una serie de observaciones en lo referido a las transferencias de recursos a las denominadas fundaciones.<\/p>\n\n\n\n<p>El parlamentario dijo que lamentablemente despu\u00e9s de analizar el contenido del informe se puede deducir que aqu\u00ed existi\u00f3 una serie de falencias que derivaron en el mal uso de los recursos p\u00fablico que se supone estaban destinados para temas relacionados a dar soluci\u00f3n habitacional.<\/p>\n\n\n\n<p>El representante del distrito 25 se\u00f1al\u00f3 que el documento cuestiona el objeto de la Fundaci\u00f3n Acci\u00f3n Digital y su falta de experiencia en las iniciativas encomendadas, lo que \u201cnos hace pensar en cual fue el criterio utilizado para optar por estas fundaciones, o qu\u00e9 m\u00e9ritos ten\u00eda dicha instituci\u00f3n para optar a la adjudicaci\u00f3n del programa\u201d.<\/p>\n\n\n\n<p>Otro de los aspectos cuestionados por Contralor\u00eda, dijo Lilay\u00fa, tiene relaci\u00f3n con &nbsp;la carencia del control de los recursos transferidos a las fundaciones, la falta de un procedimiento formal para la selecci\u00f3n de las entidades que ejecutar\u00e1n los proyectos en este caso del Programa Asentamientos Precario y la ausencia de control y monitoreo oportuno de la ejecuci\u00f3n de los convenios.<\/p>\n\n\n\n<p>Sin dudas, expres\u00f3 el diputado, al ver la magnitud de todas las falencias, uno no puede dejar de cuestionarse como profesionales que se supone tienen alg\u00fan grado de expertiz en la materia, en este caso de vivienda, no fueron capaces de observar o levantar la alarma respecto a los errores que hoy se evidencian en el informe de la Contralor\u00eda, o simplemente debemos concluir que esto fue algo orquestado para defraudar al Estado.<\/p>\n\n\n\n<p>Lilay\u00fa dijo que \u00e9l, como parte querellante, en el caso de&nbsp; fundaciones de la regi\u00f3n de Los Lagos, espera que se delimiten las responsabilidades a quienes corresponda, al tiempo que espera, que nunca m\u00e1s tengamos que conocer que los dineros de todos los chilenos, sean mal utilizados y no lleguen a quienes m\u00e1s lo necesitan, nuestros vecinos &nbsp;vulnerables que esperan con gran ilusi\u00f3n poder alcanzar el sue\u00f1o de la casa propia.<\/p>\n","protected":false},"excerpt":{"rendered":"<p>Tras conocerse el resultado de la auditoria realizada por la Contralor\u00eda General de la Rep\u00fablica al Serviu de la Regi\u00f3n de Los Lagos, el diputado Daniel Lilay\u00fa dijo no sentirse extra\u00f1ado del contenido de dicho informe.<\/p>\n","protected":false},"author":1,"featured_media":15629,"comment_status":"closed","ping_status":"closed","sticky":false,"template":"","format":"standard","meta":{"footnotes":""},"categories":[3,6],"tags":[2441,2040,337,2443,755,273,132,247,133,759,756],"class_list":["post-15628","post","type-post","status-publish","format-standard","has-post-thumbnail","hentry","category-al-dia","category-politica","tag-diputado-daniel-lilayu","tag-fundaciones","tag-informacion","tag-ministro-carlos-montes","tag-minvu","tag-noticias","tag-osorno","tag-region-de-los-lagos","tag-semanario-local","tag-serviu","tag-vivienda"],"_links":{"self":[{"href":"https:\/\/www.semanariolocal.cl\/index.php?rest_route=\/wp\/v2\/posts\/15628","targetHints":{"allow":["GET"]}}],"collection":[{"href":"https:\/\/www.semanariolocal.cl\/index.php?rest_route=\/wp\/v2\/posts"}],"about":[{"href":"https:\/\/www.semanariolocal.cl\/index.php?rest_route=\/wp\/v2\/types\/post"}],"author":[{"embeddable":true,"href":"https:\/\/www.semanariolocal.cl\/index.php?rest_route=\/wp\/v2\/users\/1"}],"replies":[{"embeddable":true,"href":"https:\/\/www.semanariolocal.cl\/index.php?rest_route=%2Fwp%2Fv2%2Fcomments&post=15628"}],"version-history":[{"count":1,"href":"https:\/\/www.semanariolocal.cl\/index.php?rest_route=\/wp\/v2\/posts\/15628\/revisions"}],"predecessor-version":[{"id":15630,"href":"https:\/\/www.semanariolocal.cl\/index.php?rest_route=\/wp\/v2\/posts\/15628\/revisions\/15630"}],"wp:featuredmedia":[{"embeddable":true,"href":"https:\/\/www.semanariolocal.cl\/index.php?rest_route=\/wp\/v2\/media\/15629"}],"wp:attachment":[{"href":"https:\/\/www.semanariolocal.cl\/index.php?rest_route=%2Fwp%2Fv2%2Fmedia&parent=15628"}],"wp:term":[{"taxonomy":"category","embeddable":true,"href":"https:\/\/www.semanariolocal.cl\/index.php?rest_route=%2Fwp%2Fv2%2Fcategories&post=15628"},{"taxonomy":"post_tag","embeddable":true,"href":"https:\/\/www.semanariolocal.cl\/index.php?rest_route=%2Fwp%2Fv2%2Ftags&post=15628"}],"curies":[{"name":"wp","href":"https:\/\/api.w.org\/{rel}","templated":true}]}}