{"id":15594,"date":"2023-11-08T08:38:00","date_gmt":"2023-11-08T11:38:00","guid":{"rendered":"https:\/\/www.semanariolocal.cl\/?p=15594"},"modified":"2023-11-08T20:45:01","modified_gmt":"2023-11-08T23:45:01","slug":"senador-espinoza-y-ministro-montes-se-reunen-con-vecinos-de-castro-y-puyehue","status":"publish","type":"post","link":"https:\/\/www.semanariolocal.cl\/?p=15594","title":{"rendered":"Senador Espinoza y Ministro Montes se re\u00fanen con vecinos de Castro y Puyehue"},"content":{"rendered":"\n<p>El senador (PS) Fidel Espinoza se reuni\u00f3 con el ministro Carlos Montes para, junto a dirigentes de los comit\u00e9s de viviendas del sector La Chacra, llevar las demandas de las familias que se ver\u00e1n beneficiadas con un plan urbano, que contempla alrededor de 600 soluciones habitacionales para vecinos de Castro, pero que se encuentra estancado desde hace d\u00e9cadas.<\/p>\n\n\n\n<p>A la cita, realizada en dependencias del Ministerio de Vivienda en Santiago, asistieron los dirigentes Paula Forcael, Yohana Na\u00edn, Macarena \u00c1lvarez, Milt\u00f3n Ser\u00f3n y Federico Vel\u00e1squez, de los comit\u00e9s de viviendas \u201cMejora tu Vida\u201d, \u201cKume Ruca Chilwe\u201d, \u201cLos Robles\u201d, \u201cLos Sauces\u201d y \u201cDon Facundo\u201d, respectivamente; adem\u00e1s del encargado de viviendas de la Municipalidad de Castro, Jos\u00e9 Curumilla, y el jefe de gabinete del senador Espinoza, Manuel Ballesteros.<\/p>\n\n\n\n<p>En la oportunidad el parlamentario destac\u00f3 la buena acogida del ministro Montes a las necesidades de los representantes, porque <em>\u201cson comit\u00e9s habitacionales que aspiran a que el primer semestre del pr\u00f3ximo a\u00f1o podamos tener los subsidios marcados en el plan de emergencia habitacional, para comenzar la construcci\u00f3n de sus viviendas\u201d, <\/em>dijo y agreg\u00f3 que<em> \u201cfue una reuni\u00f3n muy fruct\u00edfera, el Ministro nos atendi\u00f3 de gran forma, estamos contentos, creo que tuvimos un avance importante en el compromiso ministerial sobre este proyecto\u201d,<\/em> asegur\u00f3.<\/p>\n\n\n\n<p>Junto con la petici\u00f3n de acelerar la postulaci\u00f3n al proyecto -que es parte del plan de emergencia habitacional del actual Gobierno, que aspira concretar 260 mil viviendas al termino del mandato-, los dirigentes pidieron modificar el dise\u00f1o de la obra, porque seg\u00fan dicen, \u00e9sta no se ajusta a la realidad cultural de la zona.<\/p>\n\n\n\n<p><em>\u201cQue se haga equitativo la construcci\u00f3n de un 50% de departamento y un 50% de casas unifamiliares. Esa era la petici\u00f3n que nosotros llevamos y hoy d\u00eda es la que nosotros como dirigentes queremos y estamos esperanzados que, obviamente, con la ayuda de don Fidel Espinosa y don Manuel Ballesteros eso se pueda llevar a cabo\u201d,<\/em> argument\u00f3 Milton Ser\u00f3n, presidente del Comit\u00e9 de Los Sauces<\/p>\n\n\n\n<p>Al respecto el jefe de gabinete del senador Espinoza, Manuel Ballesteros, organizador de la cita, agradeci\u00f3 \u201c<em>a los dirigentes por la confianza que nos entregaron, para que lo acompa\u00f1emos en este gran proyecto de La Chacra, junto al senador Fidel Espinoza\u201d,<\/em> se\u00f1al\u00f3 y agreg\u00f3 que <em>\u201cnos unimos con harta esperanza y fe, que ojal\u00e1 pueda salir r\u00e1pido este proyecto (\u2026) lo m\u00e1s importante ac\u00e1, es que la gente est\u00e9 contenta y tranquila y que se le entregue la informaci\u00f3n y cuanto antes puedan tener su vivienda digna, como lo so\u00f1aron y est\u00e1n esperando por muchos a\u00f1os\u201d.<\/em><\/p>\n\n\n\n<p>Finalmente Ser\u00f3n, reiter\u00f3 su agradecimiento en la gesti\u00f3n y manifest\u00f3 que <em>\u201ctenemos fe de que nuestras peticiones que hicimos llegar ayer, van a tener buena acogida por parte del se\u00f1or ministro y que nos va a dar una buena informaci\u00f3n, una buena noticia en un par de d\u00edas m\u00e1s, que se comprometi\u00f3 hacer llegar, a trav\u00e9s de nuestros correos, de cada dirigente\u201d, <\/em>dijo esperanzado.<\/p>\n\n\n\n<p>Concluida la cita, el senador se volvi\u00f3 a reunir con el Ministro Montes para exponer, tambi\u00e9n, la compleja situaci\u00f3n que viven las 130 familias del comit\u00e9 \u201cLas Golondrinas\u201d de Puyehue, <em>\u201cque viene con retrasos excesivos, que no tuvo avance de ning\u00fan tipo en el gobierno del presidente Sebasti\u00e1n Pi\u00f1era con la oposici\u00f3n permanente que tuvimos del entonces director del Serviu a ese proyecto\u201d,<\/em> dijo Espinoza.<\/p>\n\n\n\n<p>El parlamentario, quien fue injustamente cuestionado sobre su gesti\u00f3n en los avances de este proyecto, manifest\u00f3 su <em>\u201cplena tranquilidad que siempre hemos estado detr\u00e1s de ese comit\u00e9 estudi\u00e1ndolo, pero hay tr\u00e1mites que son de exclusiva responsabilidad ministerial y ellos tienen que solucionarlos, para poder presentar la postulaci\u00f3n respectiva. Esperamos que esos tr\u00e1mites avancen en las pr\u00f3ximas semanas para poder as\u00ed concretar el sue\u00f1o de poder aspirar y presentar sus postulaciones al Ministerio de Vivienda\u201d,<\/em> se\u00f1al\u00f3<\/p>\n\n\n\n<p>Finalmente el senador adelant\u00f3 que la problem\u00e1tica que afecta al comit\u00e9 de habitacional \u00abLas Golondrinas\u00bb, cuyo terreno fue entregado por el Serviu en 2017, pero cuya regularizaci\u00f3n se encuentra detenida desde entonces, ser\u00e1 presentada tambi\u00e9n en la comisi\u00f3n de vivienda del Senado.<\/p>\n","protected":false},"excerpt":{"rendered":"<p>El parlamentario solicit\u00f3 a la m\u00e1xima autoridad de Vivienda acelerar los procesos para la ejecuci\u00f3n de los proyectos habitacionales de los sectores La Chacra y Pilmaiqu\u00e9n, de larga data, que permitir\u00e1n que cientos de familias puedan acceder a una vivienda digna. <\/p>\n","protected":false},"author":1,"featured_media":15595,"comment_status":"closed","ping_status":"closed","sticky":false,"template":"","format":"standard","meta":{"footnotes":""},"categories":[3,8,9,6],"tags":[2118,337,273,132,630,113,247,133,702],"class_list":["post-15594","post","type-post","status-publish","format-standard","has-post-thumbnail","hentry","category-al-dia","category-comunas","category-gobierno","category-politica","tag-semanariolocal","tag-informacion","tag-noticias","tag-osorno","tag-partido-socialista","tag-puerto-montt","tag-region-de-los-lagos","tag-semanario-local","tag-senador-fidel-espinoza"],"_links":{"self":[{"href":"https:\/\/www.semanariolocal.cl\/index.php?rest_route=\/wp\/v2\/posts\/15594","targetHints":{"allow":["GET"]}}],"collection":[{"href":"https:\/\/www.semanariolocal.cl\/index.php?rest_route=\/wp\/v2\/posts"}],"about":[{"href":"https:\/\/www.semanariolocal.cl\/index.php?rest_route=\/wp\/v2\/types\/post"}],"author":[{"embeddable":true,"href":"https:\/\/www.semanariolocal.cl\/index.php?rest_route=\/wp\/v2\/users\/1"}],"replies":[{"embeddable":true,"href":"https:\/\/www.semanariolocal.cl\/index.php?rest_route=%2Fwp%2Fv2%2Fcomments&post=15594"}],"version-history":[{"count":1,"href":"https:\/\/www.semanariolocal.cl\/index.php?rest_route=\/wp\/v2\/posts\/15594\/revisions"}],"predecessor-version":[{"id":15596,"href":"https:\/\/www.semanariolocal.cl\/index.php?rest_route=\/wp\/v2\/posts\/15594\/revisions\/15596"}],"wp:featuredmedia":[{"embeddable":true,"href":"https:\/\/www.semanariolocal.cl\/index.php?rest_route=\/wp\/v2\/media\/15595"}],"wp:attachment":[{"href":"https:\/\/www.semanariolocal.cl\/index.php?rest_route=%2Fwp%2Fv2%2Fmedia&parent=15594"}],"wp:term":[{"taxonomy":"category","embeddable":true,"href":"https:\/\/www.semanariolocal.cl\/index.php?rest_route=%2Fwp%2Fv2%2Fcategories&post=15594"},{"taxonomy":"post_tag","embeddable":true,"href":"https:\/\/www.semanariolocal.cl\/index.php?rest_route=%2Fwp%2Fv2%2Ftags&post=15594"}],"curies":[{"name":"wp","href":"https:\/\/api.w.org\/{rel}","templated":true}]}}