{"id":15508,"date":"2023-11-03T08:10:00","date_gmt":"2023-11-03T11:10:00","guid":{"rendered":"https:\/\/www.semanariolocal.cl\/?p=15508"},"modified":"2023-11-03T22:52:12","modified_gmt":"2023-11-04T01:52:12","slug":"diputados-udi-abogan-por-salida-de-nicolas-grau-no-le-hace-bien-a-chile","status":"publish","type":"post","link":"https:\/\/www.semanariolocal.cl\/?p=15508","title":{"rendered":"Diputados UDI abogan por salida de Nicol\u00e1s Grau: \u201cNo le hace bien a Chile\u00bb"},"content":{"rendered":"\n<p>Los diputados de la Bancada UDI, Jorge Alessandri y Flor Weisse, llamaron al Presidente Gabriel Boric a evaluar la permanencia en su cargo del ministro de Econom\u00eda, Nicol\u00e1s Grau, luego que la actividad se mantuviera sin variaci\u00f3n durante el \u00faltimo mes, a lo que suma un estudio que arroj\u00f3 que la econom\u00eda estar\u00eda alej\u00e1ndose de la recuperaci\u00f3n lograda posterior a la pandemia y el estallido social.<\/p>\n\n\n\n<p>Al respecto, los parlamentarios gremialistas recordaron que durante la pr\u00f3xima semana suscribir\u00e1n la interpelaci\u00f3n en contra del secretario de Estado, tanto por la fallida inversi\u00f3n de la empresa Sinovac en Chile, como tambi\u00e9n por la grave situaci\u00f3n econ\u00f3mica por la que hoy atraviesa el pa\u00eds.<\/p>\n\n\n\n<p>\u201cEl Presidente Boric debiese preguntarse, de manera sincera, si le hace bien a Chile tener a un ministro de Econom\u00eda que evidentemente no dio el ancho. Ha pasado m\u00e1s de un a\u00f1o y medio desde que son gobierno y no hay ninguna duda que Nicol\u00e1s Gran no est\u00e1 capacitado para seguir dirigiendo una de las carteras m\u00e1s importantes en nuestro pa\u00eds, y de la cual dependen la mayor\u00eda de las familias chilenas. La fallida inversi\u00f3n de Sinovac fue la gota que rebals\u00f3 el vaso, porque la verdad es que son innumerables los hechos que ameritan una salida del ministro de Econom\u00eda\u201d, se\u00f1alaron los UDI.<\/p>\n\n\n\n<p>En esa l\u00ednea, Alessandri y Weisse tambi\u00e9n apuntaron a otros estudios, como el de la C\u00e1mara Nacional de Comercio (CNC), que arroj\u00f3 que las inversiones inmobiliarias con fines tur\u00edsticos anotaron su peor nivel desde 1994. Y si bien esta ma\u00f1ana se inform\u00f3 que la actividad econ\u00f3mica logr\u00f3 eludir la baja que se proyectaba, los diputados gremialistas aseguraron que \u201creci\u00e9n vamos a poder celebrar cuando la econom\u00eda de Chile vuelva a crecer como antes, no cuando se mantenga sin variaci\u00f3n\u201d.<\/p>\n\n\n\n<p>Por lo mismo, los integrantes de la Bancada UDI incluso llamaron al Presidente Boric a \u201crecurrir a la vieja guardia de la ex concertaci\u00f3n\u201d, agregando que \u201ctal como ha sido a lo largo de su mandato, cada vez que han demostrado su absoluta inexperiencia han recurrido a los vilipendiados 30 a\u00f1os, por lo que ahora pareciera ser la \u00fanica alternativa si es que quieren sacar a Chile del letargo econ\u00f3mico\u201d.<\/p>\n\n\n\n<p>\u201cLos \u00fanicos que pagan las consecuencias de esta grave crisis son las familias de clase media y los m\u00e1s vulnerables, que llevan m\u00e1s de un a\u00f1o y medio esperando por alguna medida econ\u00f3mica que permita, por ejemplo, reactivar los empleos en nuestro pa\u00eds. Sin embargo, lo \u00fanico que hemos visto este tiempo son trabajos que se destruyen, empresas solicitando su quiebra, proyectos paralizados y un aumento insostenible del empleo informal\u201d, manifestaron los diputados Alessandri y Weisse, quienes finalmente reiteraron que \u201cel Frente Amplio no puede seguir con esta irresponsabilidad, porque cuando se asume la direcci\u00f3n de un pa\u00eds hay que ser suficientemente honesto para reconocer cuando no est\u00e1s capacitado, y eso es lo que hoy est\u00e1 ocurriendo con el ministro Grau\u201d.<\/p>\n","protected":false},"excerpt":{"rendered":"<p>\u201cEl Presidente Boric debiera preguntarse, de manera sincera, si le hace bien a Chile tener a un ministro de Econom\u00eda que evidentemente no dio el ancho\u00bb, cuestionan parlamentarios de la UDI<\/p>\n","protected":false},"author":1,"featured_media":15509,"comment_status":"closed","ping_status":"closed","sticky":false,"template":"","format":"standard","meta":{"footnotes":""},"categories":[3],"tags":[],"class_list":["post-15508","post","type-post","status-publish","format-standard","has-post-thumbnail","hentry","category-al-dia"],"_links":{"self":[{"href":"https:\/\/www.semanariolocal.cl\/index.php?rest_route=\/wp\/v2\/posts\/15508","targetHints":{"allow":["GET"]}}],"collection":[{"href":"https:\/\/www.semanariolocal.cl\/index.php?rest_route=\/wp\/v2\/posts"}],"about":[{"href":"https:\/\/www.semanariolocal.cl\/index.php?rest_route=\/wp\/v2\/types\/post"}],"author":[{"embeddable":true,"href":"https:\/\/www.semanariolocal.cl\/index.php?rest_route=\/wp\/v2\/users\/1"}],"replies":[{"embeddable":true,"href":"https:\/\/www.semanariolocal.cl\/index.php?rest_route=%2Fwp%2Fv2%2Fcomments&post=15508"}],"version-history":[{"count":1,"href":"https:\/\/www.semanariolocal.cl\/index.php?rest_route=\/wp\/v2\/posts\/15508\/revisions"}],"predecessor-version":[{"id":15510,"href":"https:\/\/www.semanariolocal.cl\/index.php?rest_route=\/wp\/v2\/posts\/15508\/revisions\/15510"}],"wp:featuredmedia":[{"embeddable":true,"href":"https:\/\/www.semanariolocal.cl\/index.php?rest_route=\/wp\/v2\/media\/15509"}],"wp:attachment":[{"href":"https:\/\/www.semanariolocal.cl\/index.php?rest_route=%2Fwp%2Fv2%2Fmedia&parent=15508"}],"wp:term":[{"taxonomy":"category","embeddable":true,"href":"https:\/\/www.semanariolocal.cl\/index.php?rest_route=%2Fwp%2Fv2%2Fcategories&post=15508"},{"taxonomy":"post_tag","embeddable":true,"href":"https:\/\/www.semanariolocal.cl\/index.php?rest_route=%2Fwp%2Fv2%2Ftags&post=15508"}],"curies":[{"name":"wp","href":"https:\/\/api.w.org\/{rel}","templated":true}]}}