{"id":15505,"date":"2023-11-03T08:00:00","date_gmt":"2023-11-03T11:00:00","guid":{"rendered":"https:\/\/www.semanariolocal.cl\/?p=15505"},"modified":"2023-11-03T22:48:20","modified_gmt":"2023-11-04T01:48:20","slug":"kinesiologia-ulagos-es-invitada-a-participar-en-la-2da-feria-de-autocuidado-del-adulto-mayor","status":"publish","type":"post","link":"https:\/\/www.semanariolocal.cl\/?p=15505","title":{"rendered":"Kinesiolog\u00eda ULagos es invitada a participar en la 2da Feria de Autocuidado del Adulto Mayor"},"content":{"rendered":"\n<p>La 2da Feria de Autocuidado se realiza en el marco del mes del Adulto Mayor, con el objetivo de promover el envejecimiento saludable y activo. Fueron convocados distintos servicios p\u00fablicos y privados que trabajan con personas mayores en nuestro territorio, es as\u00ed como la ULagos tambi\u00e9n se hizo presente por medio del Departamento de Salud, particip\u00f3 el Instituto Nacional del Deporte (IND), el CESFAM Antonio Varas y el Centro del Adulto Mayor GeoVida entre otros, instituciones que prepararon stands de informaci\u00f3n y actividades para celebrar a las personas mayores. \u00a0\u201cEstamos felices de ser invitados por segunda vez a esta hermosa actividad de la Fundaci\u00f3n. Ha sido un espacio para reconocer como sociedad a la persona mayor y contribuir a su calidad de vida. En esta ocasi\u00f3n preparamos educaciones sobre relajaci\u00f3n y preparamos un stand de masajes para darles un espacio de autocuidado y bienestar. Esto permiti\u00f3 a nuestros estudiantes de tercer a\u00f1o poner en pr\u00e1ctica las competencias y procedimientos para esta actividad. Lo que m\u00e1s puedo destacar del desarrollo de la feria fue la interacci\u00f3n con las personas mayores que se acercaron al stand, quienes estaban muy agradecidos de disfrutar de estos minutos ya que muchos de ellos sufr\u00edan dolencias que se vieron aliviadas luego de las atenciones\u201d, enfatiz\u00f3 Carolina Fuentes acad\u00e9mica de Kinesiolog\u00eda del Campus Puerto Montt.<\/p>\n","protected":false},"excerpt":{"rendered":"<p>Estudiantes y docentes de la carrera de Kinesiolog\u00eda del Campus Puerto Montt participaron activamente en la 2da Feria de Autocuidado del Adulto Mayor, espacio hasta donde llegaron unas 80 personas mayores de toda la comuna, para ser parte de\u00a0 la actividad que fue organizada por la Fundaci\u00f3n de la Familia dependiente de la Municipalidad de Puerto Montt.<\/p>\n","protected":false},"author":1,"featured_media":15506,"comment_status":"closed","ping_status":"closed","sticky":false,"template":"","format":"standard","meta":{"footnotes":""},"categories":[11],"tags":[337,273,132,247,133,297],"class_list":["post-15505","post","type-post","status-publish","format-standard","has-post-thumbnail","hentry","category-educacion","tag-informacion","tag-noticias","tag-osorno","tag-region-de-los-lagos","tag-semanario-local","tag-universidad-de-los-lagos"],"_links":{"self":[{"href":"https:\/\/www.semanariolocal.cl\/index.php?rest_route=\/wp\/v2\/posts\/15505","targetHints":{"allow":["GET"]}}],"collection":[{"href":"https:\/\/www.semanariolocal.cl\/index.php?rest_route=\/wp\/v2\/posts"}],"about":[{"href":"https:\/\/www.semanariolocal.cl\/index.php?rest_route=\/wp\/v2\/types\/post"}],"author":[{"embeddable":true,"href":"https:\/\/www.semanariolocal.cl\/index.php?rest_route=\/wp\/v2\/users\/1"}],"replies":[{"embeddable":true,"href":"https:\/\/www.semanariolocal.cl\/index.php?rest_route=%2Fwp%2Fv2%2Fcomments&post=15505"}],"version-history":[{"count":1,"href":"https:\/\/www.semanariolocal.cl\/index.php?rest_route=\/wp\/v2\/posts\/15505\/revisions"}],"predecessor-version":[{"id":15507,"href":"https:\/\/www.semanariolocal.cl\/index.php?rest_route=\/wp\/v2\/posts\/15505\/revisions\/15507"}],"wp:featuredmedia":[{"embeddable":true,"href":"https:\/\/www.semanariolocal.cl\/index.php?rest_route=\/wp\/v2\/media\/15506"}],"wp:attachment":[{"href":"https:\/\/www.semanariolocal.cl\/index.php?rest_route=%2Fwp%2Fv2%2Fmedia&parent=15505"}],"wp:term":[{"taxonomy":"category","embeddable":true,"href":"https:\/\/www.semanariolocal.cl\/index.php?rest_route=%2Fwp%2Fv2%2Fcategories&post=15505"},{"taxonomy":"post_tag","embeddable":true,"href":"https:\/\/www.semanariolocal.cl\/index.php?rest_route=%2Fwp%2Fv2%2Ftags&post=15505"}],"curies":[{"name":"wp","href":"https:\/\/api.w.org\/{rel}","templated":true}]}}