{"id":15502,"date":"2023-11-03T10:33:00","date_gmt":"2023-11-03T13:33:00","guid":{"rendered":"https:\/\/www.semanariolocal.cl\/?p=15502"},"modified":"2023-11-03T22:36:29","modified_gmt":"2023-11-04T01:36:29","slug":"partieron-obras-de-mejoramiento-de-la-pileta-de-plaza-de-armas-de-osorno","status":"publish","type":"post","link":"https:\/\/www.semanariolocal.cl\/?p=15502","title":{"rendered":"Partieron obras de mejoramiento de la pileta de plaza de armas de Osorno"},"content":{"rendered":"\n<p>La buena noticia la comunic\u00f3 el propio alcalde Emeterio Carrillo, quien se\u00f1al\u00f3 que la falta de mantenci\u00f3n a este tipo de equipamiento llev\u00f3 al municipio a reponer estos juegos que datan del a\u00f1o 2013,\u00a0\u201cpor ello es que nos alegra el inicio de las obras, que van en directo beneficio del hermoseamiento de la comuna, as\u00ed como del turismo local\u201d, coment\u00f3 la autoridad.<\/p>\n\n\n\n<p>El alcalde explic\u00f3 que la pileta es uno de los atractivos ornamentales m\u00e1s importantes de Plaza de Armas,&nbsp;\u201cya que su puesta en escena es paso obligado para visitantes e incluso para las mismas familias osorninas, que ven en este lugar una locaci\u00f3n id\u00f3nea para tomarse fotograf\u00edas\u201d.&nbsp;Agreg\u00f3 que las obras mejoramiento incluyen la reposici\u00f3n de bombas, filtros, nuevos soportes tecnol\u00f3gicos, reparaci\u00f3n grietas, sellado y pintura, entre otros.<\/p>\n\n\n\n<p>La pileta presentaba problemas en los aspersores de agua y sobre todo con el juego de luces, pues en diez a\u00f1os la tecnolog\u00eda se vio afectada. De no mediar imponderables, las obras debieran realizarse dentro de 45 d\u00edas corridos, as\u00ed enfrentar el verano con una renovada Plaza de Armas en Osorno.&nbsp;<strong>&nbsp;<\/strong><strong><\/strong><\/p>\n","protected":false},"excerpt":{"rendered":"<p>Se trata de la restauraci\u00f3n de los juegos de agua y luces de la pileta emplazada en el principal espacio p\u00fablico de la ciudad Osorno, obras que deben estar listas antes de Navidad. Los adelantos consideran inversi\u00f3n municipal cercana a los 153 millones de pesos.<\/p>\n","protected":false},"author":1,"featured_media":15503,"comment_status":"closed","ping_status":"closed","sticky":false,"template":"","format":"standard","meta":{"footnotes":""},"categories":[3,8],"tags":[337,273,132,247,133],"class_list":["post-15502","post","type-post","status-publish","format-standard","has-post-thumbnail","hentry","category-al-dia","category-comunas","tag-informacion","tag-noticias","tag-osorno","tag-region-de-los-lagos","tag-semanario-local"],"_links":{"self":[{"href":"https:\/\/www.semanariolocal.cl\/index.php?rest_route=\/wp\/v2\/posts\/15502","targetHints":{"allow":["GET"]}}],"collection":[{"href":"https:\/\/www.semanariolocal.cl\/index.php?rest_route=\/wp\/v2\/posts"}],"about":[{"href":"https:\/\/www.semanariolocal.cl\/index.php?rest_route=\/wp\/v2\/types\/post"}],"author":[{"embeddable":true,"href":"https:\/\/www.semanariolocal.cl\/index.php?rest_route=\/wp\/v2\/users\/1"}],"replies":[{"embeddable":true,"href":"https:\/\/www.semanariolocal.cl\/index.php?rest_route=%2Fwp%2Fv2%2Fcomments&post=15502"}],"version-history":[{"count":1,"href":"https:\/\/www.semanariolocal.cl\/index.php?rest_route=\/wp\/v2\/posts\/15502\/revisions"}],"predecessor-version":[{"id":15504,"href":"https:\/\/www.semanariolocal.cl\/index.php?rest_route=\/wp\/v2\/posts\/15502\/revisions\/15504"}],"wp:featuredmedia":[{"embeddable":true,"href":"https:\/\/www.semanariolocal.cl\/index.php?rest_route=\/wp\/v2\/media\/15503"}],"wp:attachment":[{"href":"https:\/\/www.semanariolocal.cl\/index.php?rest_route=%2Fwp%2Fv2%2Fmedia&parent=15502"}],"wp:term":[{"taxonomy":"category","embeddable":true,"href":"https:\/\/www.semanariolocal.cl\/index.php?rest_route=%2Fwp%2Fv2%2Fcategories&post=15502"},{"taxonomy":"post_tag","embeddable":true,"href":"https:\/\/www.semanariolocal.cl\/index.php?rest_route=%2Fwp%2Fv2%2Ftags&post=15502"}],"curies":[{"name":"wp","href":"https:\/\/api.w.org\/{rel}","templated":true}]}}