{"id":15496,"date":"2023-11-03T15:58:21","date_gmt":"2023-11-03T18:58:21","guid":{"rendered":"https:\/\/www.semanariolocal.cl\/?p=15496"},"modified":"2023-11-03T15:58:23","modified_gmt":"2023-11-03T18:58:23","slug":"ministro-cordero-este-es-un-nombramiento-que-al-ejecutivo-no-le-gusta","status":"publish","type":"post","link":"https:\/\/www.semanariolocal.cl\/?p=15496","title":{"rendered":"Ministro Cordero: \u201cEste es un nombramiento que al ejecutivo no le gusta\u00bb."},"content":{"rendered":"\n<p>Tras los fuertes cuestionamiento a la nominaci\u00f3n de Mar\u00eda Elena Leiva como notario en la comuna de Lo Espejo en Santiago, el Ministro Luis Cordero sali\u00f3 al paso de las declaraciones de algunos medios que califican el hecho de \u201cnepotismo\u201d al ser la Abogada de la Universidad de las Am\u00e9ricas, &nbsp;hermana del diputado socialista y presidente de la Comisi\u00f3n de Constituci\u00f3n, Legislaci\u00f3n, Justicia, Ra\u00fal Leiva Carvajal.<strong> &nbsp;<\/strong><\/p>\n\n\n\n<p>El ministro dej\u00f3 en claro &nbsp;que el nombramiento &nbsp;se firma solo luego de pasar por las instancias de selecci\u00f3n establecidas por la Corporaci\u00f3n Administrativa del Poder Judicial y la Corte de Apelaciones respectivas correspondiendo al Ministerio seguir los mecanismo de continuidad elaborados para este tipo de procesos sin que Gobierno tenga decisi\u00f3n al respecto. \u201cEste es un nombramiento notarial que al ejecutivo no le gusta, pero el gobierno tiene marcos acotados para su decisi\u00f3n\u201d, &nbsp;se\u00f1alo Cordero.<\/p>\n\n\n\n<p>Dado lo anterior el Ministro se\u00f1alo que el ejecutivo seguir\u00e1 respaldando la reforma al proceso de nominaci\u00f3n de Notarios que se encuentra en congreso y cuyo plazo para agregar indicaciones vence el jueves de la pr\u00f3xima semana.<\/p>\n\n\n\n<p>En dicha instancia el ejecutivo ha propuesto cuatro indicaciones que son :<\/p>\n\n\n\n<p>1.- Sacar al Poder Judicial del sistema de selecci\u00f3n y elaboraci\u00f3n de ternas por parte de las Cortes de Apelaciones y entregarlas al sistema de Alta Direcci\u00f3n P\u00fablica.&nbsp;<\/p>\n\n\n\n<p>2.- Establecer reglas de prohibici\u00f3n de contrataci\u00f3n de parientes al interior del r\u00e9gimen de contrataci\u00f3n de notarias incluyendo contrataci\u00f3n de parientes del sistema judicial.<\/p>\n\n\n\n<p>3.- Establecer mecanismo de control asociados a la fiscal\u00eda judicial agregando un sistema de control vinculado al Sernac que permita &nbsp;supervisar la calidad de &nbsp;las prestaciones de servicios entregada a los usuarios.<\/p>\n\n\n\n<p>4.- Y el cese del cargo independiente de cual sea la fecha de ingreso cuando el funcionario cumpla los 75 a\u00f1os.<\/p>\n\n\n\n<figure class=\"wp-block-embed is-type-video is-provider-youtube wp-block-embed-youtube wp-embed-aspect-4-3 wp-has-aspect-ratio\"><div class=\"wp-block-embed__wrapper\">\n<ul class=\"bxslider-vid\"><li><iframe loading=\"lazy\" title=\"Ministro Cordero: \u201cEste es un nombramiento que al ejecutivo no le gusta&quot;.\" width=\"1333\" height=\"1000\" src=\"https:\/\/www.youtube.com\/embed\/QaNJO_LyLps?feature=oembed\" frameborder=\"0\" allow=\"accelerometer; autoplay; clipboard-write; encrypted-media; gyroscope; picture-in-picture; web-share\" allowfullscreen><\/iframe><\/li><\/ul>\n<\/div><\/figure>\n","protected":false},"excerpt":{"rendered":"<p>El ministro dej\u00f3 en claro \u00a0que el nombramiento \u00a0se firma solo luego de pasar por las instancias de selecci\u00f3n establecidas por la Corporaci\u00f3n Administrativa del Poder Judicial y la Corte de Apelaciones respectivas correspondiendo al Ministerio seguir los mecanismo de continuidad elaborados para este tipo de procesos. <\/p>\n","protected":false},"author":1,"featured_media":15497,"comment_status":"closed","ping_status":"closed","sticky":false,"template":"","format":"standard","meta":{"footnotes":""},"categories":[3,6],"tags":[2118,337,2412,2408,2409,2411,273,132,422,247,133],"class_list":["post-15496","post","type-post","status-publish","format-standard","has-post-thumbnail","hentry","category-al-dia","category-politica","tag-semanariolocal","tag-informacion","tag-maria-elena-leiva","tag-ministerio-de-justicia","tag-ministro-luis-cordero","tag-notaria-2","tag-noticias","tag-osorno","tag-poder-judicial","tag-region-de-los-lagos","tag-semanario-local"],"_links":{"self":[{"href":"https:\/\/www.semanariolocal.cl\/index.php?rest_route=\/wp\/v2\/posts\/15496","targetHints":{"allow":["GET"]}}],"collection":[{"href":"https:\/\/www.semanariolocal.cl\/index.php?rest_route=\/wp\/v2\/posts"}],"about":[{"href":"https:\/\/www.semanariolocal.cl\/index.php?rest_route=\/wp\/v2\/types\/post"}],"author":[{"embeddable":true,"href":"https:\/\/www.semanariolocal.cl\/index.php?rest_route=\/wp\/v2\/users\/1"}],"replies":[{"embeddable":true,"href":"https:\/\/www.semanariolocal.cl\/index.php?rest_route=%2Fwp%2Fv2%2Fcomments&post=15496"}],"version-history":[{"count":1,"href":"https:\/\/www.semanariolocal.cl\/index.php?rest_route=\/wp\/v2\/posts\/15496\/revisions"}],"predecessor-version":[{"id":15498,"href":"https:\/\/www.semanariolocal.cl\/index.php?rest_route=\/wp\/v2\/posts\/15496\/revisions\/15498"}],"wp:featuredmedia":[{"embeddable":true,"href":"https:\/\/www.semanariolocal.cl\/index.php?rest_route=\/wp\/v2\/media\/15497"}],"wp:attachment":[{"href":"https:\/\/www.semanariolocal.cl\/index.php?rest_route=%2Fwp%2Fv2%2Fmedia&parent=15496"}],"wp:term":[{"taxonomy":"category","embeddable":true,"href":"https:\/\/www.semanariolocal.cl\/index.php?rest_route=%2Fwp%2Fv2%2Fcategories&post=15496"},{"taxonomy":"post_tag","embeddable":true,"href":"https:\/\/www.semanariolocal.cl\/index.php?rest_route=%2Fwp%2Fv2%2Ftags&post=15496"}],"curies":[{"name":"wp","href":"https:\/\/api.w.org\/{rel}","templated":true}]}}