{"id":15489,"date":"2023-11-02T11:48:00","date_gmt":"2023-11-02T14:48:00","guid":{"rendered":"https:\/\/www.semanariolocal.cl\/?p=15489"},"modified":"2023-11-02T22:54:17","modified_gmt":"2023-11-03T01:54:17","slug":"dosis-de-igualdad-perspectivas-de-genero-en-la-industria-farmaceutica","status":"publish","type":"post","link":"https:\/\/www.semanariolocal.cl\/?p=15489","title":{"rendered":"Dosis de igualdad: perspectivas de g\u00e9nero en la industria farmac\u00e9utica"},"content":{"rendered":"\n<p>En pleno siglo XXI, aunque hemos presenciado notables avances hacia la igualdad de g\u00e9nero en diversos campos y sectores, la industria farmac\u00e9utica, un s\u00f3lido motor de innovaci\u00f3n cient\u00edfica y progreso m\u00e9dico, contin\u00faa enfrentando un claro desequilibrio en cuanto a la representaci\u00f3n de mujeres en posiciones de liderazgo, una disparidad que perdura a pesar de la evoluci\u00f3n en otros \u00e1mbitos.<\/p>\n\n\n\n<p>El informe \u201cOportunidades para la inversi\u00f3n y la colaboraci\u00f3n entre Am\u00e9rica Latina y el Caribe y la Uni\u00f3n Europea\u201d, elaborado por la Comisi\u00f3n Econ\u00f3mica para Am\u00e9rica Latina y el Caribe (CEPAL), resalta que, en la regi\u00f3n, las mujeres tienen una destacada presencia en disciplinas como la medicina, las ciencias de la salud, ciencias sociales, humanidades y artes. Sin embargo, su participaci\u00f3n en el \u00e1mbito de la ingenier\u00eda y la tecnolog\u00eda es notoriamente reducida, constituyendo poco m\u00e1s del 25% de los investigadores en estas \u00e1reas, seg\u00fan datos de la UNESCO de 2022. Esta discrepancia las excluye de sectores fundamentales, como la industria farmac\u00e9utica.<\/p>\n\n\n\n<p>Lo anterior hace necesario abordar esta arista con el objetivo de acortar la brecha de g\u00e9nero en la industria farmac\u00e9utica lo antes posible y aumentar la participaci\u00f3n de mujeres en puestos de liderazgo, no solo aspirando a alcanzar un balance de g\u00e9nero, sino que tambi\u00e9n una mayor eficiencia y avance en el \u00e1mbito cient\u00edfico y empresarial.<\/p>\n\n\n\n<p>Hist\u00f3ricamente, la diversidad en la toma de decisiones ha demostrado ser un motor de innovaci\u00f3n y resiliencia. Las perspectivas y enfoques variados que aportan las mujeres pueden impulsar la creatividad y la competitividad en el mundo de la innovaci\u00f3n en salud.<\/p>\n\n\n\n<p>Contar con mujeres en roles de liderazgo permite a las empresas comprender y abordar mejor las necesidades de sus consumidoras, lo que lleva a una atenci\u00f3n m\u00e1s personalizada y orientada a resultados. Adem\u00e1s, es inspiraci\u00f3n para futuras generaciones, ya que cuando las j\u00f3venes ven a mujeres exitosas liderando \u00e1reas tan clave como la salud, se sienten inspiradas a seguir carreras en ciencia y tecnolog\u00eda.<\/p>\n\n\n\n<p>De hecho, a nivel corporativo, hemos asumido el compromiso, como objetivo global alineado con las Naciones Unidas, de alcanzar la paridad de g\u00e9nero al 2030. Y para ello, tanto en Chile como en la regi\u00f3n, estamos empujando iniciativas que promuevan el talento femenino, brindando nuevas oportunidades a todas las colaboradoras.<\/p>\n\n\n\n<p>La lucha por la igualdad de liderazgo en la industria farmac\u00e9utica debe ser un esfuerzo conjunto. Desde las empresas farmac\u00e9uticas y las instituciones educativas, hasta los gobiernos y las organizaciones internacionales, todos tienen un papel que desempe\u00f1ar en la creaci\u00f3n de un entorno inclusivo que fomente la igualdad de g\u00e9nero.<\/p>\n\n\n\n<p><strong>Iryna Harustovich<\/strong> &#8211; <strong>Merck Chile<\/strong><\/p>\n","protected":false},"excerpt":{"rendered":"<p>La lucha por la igualdad de liderazgo en la industria farmac\u00e9utica debe ser un esfuerzo conjunto. <\/p>\n","protected":false},"author":1,"featured_media":15490,"comment_status":"closed","ping_status":"closed","sticky":false,"template":"","format":"standard","meta":{"footnotes":""},"categories":[7],"tags":[2118,337,273,132,247,133],"class_list":["post-15489","post","type-post","status-publish","format-standard","has-post-thumbnail","hentry","category-opinion","tag-semanariolocal","tag-informacion","tag-noticias","tag-osorno","tag-region-de-los-lagos","tag-semanario-local"],"_links":{"self":[{"href":"https:\/\/www.semanariolocal.cl\/index.php?rest_route=\/wp\/v2\/posts\/15489","targetHints":{"allow":["GET"]}}],"collection":[{"href":"https:\/\/www.semanariolocal.cl\/index.php?rest_route=\/wp\/v2\/posts"}],"about":[{"href":"https:\/\/www.semanariolocal.cl\/index.php?rest_route=\/wp\/v2\/types\/post"}],"author":[{"embeddable":true,"href":"https:\/\/www.semanariolocal.cl\/index.php?rest_route=\/wp\/v2\/users\/1"}],"replies":[{"embeddable":true,"href":"https:\/\/www.semanariolocal.cl\/index.php?rest_route=%2Fwp%2Fv2%2Fcomments&post=15489"}],"version-history":[{"count":1,"href":"https:\/\/www.semanariolocal.cl\/index.php?rest_route=\/wp\/v2\/posts\/15489\/revisions"}],"predecessor-version":[{"id":15491,"href":"https:\/\/www.semanariolocal.cl\/index.php?rest_route=\/wp\/v2\/posts\/15489\/revisions\/15491"}],"wp:featuredmedia":[{"embeddable":true,"href":"https:\/\/www.semanariolocal.cl\/index.php?rest_route=\/wp\/v2\/media\/15490"}],"wp:attachment":[{"href":"https:\/\/www.semanariolocal.cl\/index.php?rest_route=%2Fwp%2Fv2%2Fmedia&parent=15489"}],"wp:term":[{"taxonomy":"category","embeddable":true,"href":"https:\/\/www.semanariolocal.cl\/index.php?rest_route=%2Fwp%2Fv2%2Fcategories&post=15489"},{"taxonomy":"post_tag","embeddable":true,"href":"https:\/\/www.semanariolocal.cl\/index.php?rest_route=%2Fwp%2Fv2%2Ftags&post=15489"}],"curies":[{"name":"wp","href":"https:\/\/api.w.org\/{rel}","templated":true}]}}