{"id":15481,"date":"2023-11-03T10:07:00","date_gmt":"2023-11-03T13:07:00","guid":{"rendered":"https:\/\/www.semanariolocal.cl\/?p=15481"},"modified":"2023-11-02T22:17:29","modified_gmt":"2023-11-03T01:17:29","slug":"pacto-fiscal-ministro-marcel-presento-27-medidas-para-cumplimiento-de-obligaciones-tributarias","status":"publish","type":"post","link":"https:\/\/www.semanariolocal.cl\/?p=15481","title":{"rendered":"Pacto Fiscal: ministro Marcel present\u00f3 27 medidas para cumplimiento de obligaciones tributarias"},"content":{"rendered":"\n<p>En una nueva reuni\u00f3n ampliada con representantes de los partidos pol\u00edticos en el marco de las conversaciones por un Pacto Fiscal, el ministro de Hacienda, Mario Marcel, present\u00f3 un borrador con doce principios para un sistema tributario moderno \u2014surgidos en el extenso proceso de consultas con la ciudadan\u00eda y actores econ\u00f3micos y sociales iniciado en abril de 2022 y que se ha venido actualizando desde entonces\u2014y 27 propuestas de medidas para el cumplimiento de las obligaciones tributarias, que son parte del eje de Fortalecimiento del Sistema Tributario.<\/p>\n\n\n\n<p>\u201cVamos a poner un \u00e9nfasis bastante mayor que el del proyecto original de reforma tributaria, particularmente en el fortalecimiento de las instituciones responsables de la cobranza, del giro y la fiscalizaci\u00f3n de impuestos\u201d, enfatiz\u00f3 el ministro Marcel, quien en esta jornada estuvo acompa\u00f1ado por la subsecretaria de la cartera, Heidi Berner, el director del Servicio de Impuestos Internos, Hern\u00e1n Frigolett, y el coordinador de pol\u00edticas tributarias de la cartera, Diego Riquelme.<\/p>\n\n\n\n<p>Los principios en que se enmarcan las propuestas en materia tributaria que forman parte del Pacto Fiscal son legalidad, justicia tributaria, suficiencia, eficiencia econ\u00f3mica, no afectaci\u00f3n, reciprocidad, compromiso con el cumplimiento tributario, simplicidad, educaci\u00f3n al contribuyente, asistencia al contribuyente, estabilidad y certeza, y desarrollo tecnol\u00f3gico y adaptabilidad.<\/p>\n\n\n\n<p>Las 27 medidas presentadas corresponden a ocho relacionadas con la modernizaci\u00f3n de la administraci\u00f3n tributaria y de los Tribunales Tributarios y Aduaneros (TTA ); once propuestas en materia de justicia y equidad tributaria; el proyecto de ley para elevar el cumplimiento de las obligaciones tributarias, que incluir\u00e1 las normas para combatir la informalidad; seis medidas para fortalecer a la Defensor\u00eda del Contribuyente (Dedecon); y un incentivo a la regularizaci\u00f3n de situaciones de incumplimiento tributario, aplicable por una sola vez y en un plazo acotado.<\/p>\n\n\n\n<p>Al cierre de la sesi\u00f3n, la subsecretaria Berner sostuvo que una vez que se recojan todos los comentarios a este borrador y al de Impulso al Crecimiento, se enviar\u00e1 a los participantes un documento con la consolidaci\u00f3n de los cambios. Agreg\u00f3 que, dado que se inicia la tramitaci\u00f3n del proyecto de Ley de Presupuestos 2024 en la Comisi\u00f3n Mixta, la pr\u00f3xima semana no habr\u00e1 reuni\u00f3n por Pacto Fiscal, y que para la semana subsiguiente ya se espera contar con los insumos del estudio del grupo de Presupuestos de la OECD sobre el dividendo de la eficiencia del gasto y del Comit\u00e9 de Expertos sobre el dividendo del impulso al crecimiento.<\/p>\n","protected":false},"excerpt":{"rendered":"<p>En el encuentro semanal con los representantes de los partidos pol\u00edticos se entreg\u00f3 un borrador que incluye 12 principios para avanzar hacia un sistema tributario moderno. El ministro destac\u00f3: \u201cVamos a poner un \u00e9nfasis bastante mayor que el del proyecto original de reforma tributaria, en el fortalecimiento de las instituciones responsables de la cobranza, del giro y la fiscalizaci\u00f3n de impuestos\u201d.<\/p>\n","protected":false},"author":1,"featured_media":15483,"comment_status":"closed","ping_status":"closed","sticky":false,"template":"","format":"standard","meta":{"footnotes":""},"categories":[3,12,9],"tags":[2118,337,273,132,247,133],"class_list":["post-15481","post","type-post","status-publish","format-standard","has-post-thumbnail","hentry","category-al-dia","category-economia","category-gobierno","tag-semanariolocal","tag-informacion","tag-noticias","tag-osorno","tag-region-de-los-lagos","tag-semanario-local"],"_links":{"self":[{"href":"https:\/\/www.semanariolocal.cl\/index.php?rest_route=\/wp\/v2\/posts\/15481","targetHints":{"allow":["GET"]}}],"collection":[{"href":"https:\/\/www.semanariolocal.cl\/index.php?rest_route=\/wp\/v2\/posts"}],"about":[{"href":"https:\/\/www.semanariolocal.cl\/index.php?rest_route=\/wp\/v2\/types\/post"}],"author":[{"embeddable":true,"href":"https:\/\/www.semanariolocal.cl\/index.php?rest_route=\/wp\/v2\/users\/1"}],"replies":[{"embeddable":true,"href":"https:\/\/www.semanariolocal.cl\/index.php?rest_route=%2Fwp%2Fv2%2Fcomments&post=15481"}],"version-history":[{"count":1,"href":"https:\/\/www.semanariolocal.cl\/index.php?rest_route=\/wp\/v2\/posts\/15481\/revisions"}],"predecessor-version":[{"id":15482,"href":"https:\/\/www.semanariolocal.cl\/index.php?rest_route=\/wp\/v2\/posts\/15481\/revisions\/15482"}],"wp:featuredmedia":[{"embeddable":true,"href":"https:\/\/www.semanariolocal.cl\/index.php?rest_route=\/wp\/v2\/media\/15483"}],"wp:attachment":[{"href":"https:\/\/www.semanariolocal.cl\/index.php?rest_route=%2Fwp%2Fv2%2Fmedia&parent=15481"}],"wp:term":[{"taxonomy":"category","embeddable":true,"href":"https:\/\/www.semanariolocal.cl\/index.php?rest_route=%2Fwp%2Fv2%2Fcategories&post=15481"},{"taxonomy":"post_tag","embeddable":true,"href":"https:\/\/www.semanariolocal.cl\/index.php?rest_route=%2Fwp%2Fv2%2Ftags&post=15481"}],"curies":[{"name":"wp","href":"https:\/\/api.w.org\/{rel}","templated":true}]}}