{"id":15474,"date":"2023-11-02T08:00:00","date_gmt":"2023-11-02T11:00:00","guid":{"rendered":"https:\/\/www.semanariolocal.cl\/?p=15474"},"modified":"2023-11-02T18:46:33","modified_gmt":"2023-11-02T21:46:33","slug":"puerto-montt-sera-capital-de-importante-debate-de-universidades-estatales","status":"publish","type":"post","link":"https:\/\/www.semanariolocal.cl\/?p=15474","title":{"rendered":"Puerto Montt ser\u00e1 capital de importante debate de universidades estatales"},"content":{"rendered":"\n<p>Se trata de un encuentro in\u00e9dito en sus caracter\u00edsticas y que tiene como eje central el v\u00ednculo con el territorio. Las Universidades Estatales reunidas en el Proyecto Red21991 se reunir\u00e1n junto a centros de Estudio Regionales y Locales para debatir sobre el rol de estos en los programas de Vinculaci\u00f3n con el Medio y su relaci\u00f3n con el entorno, es decir, el Ecosistema P\u00fablico Regional (EPR).<\/p>\n\n\n\n<p>El trabajo del Proyecto \u201cUniversidades Estatales Comprometidas con el Territorio\u201d busca mejorar la calidad de vida de las comunidades y acercar a los estudiantes de las 18 universidades del CUECH a las necesidades y oportunidades laborales de cada una de las regiones en las que est\u00e1n emplazadas las casas de estudios superiores. Esto se traduce al mismo tiempo en la constante mejora acad\u00e9mica de las instituciones estatales.<\/p>\n\n\n\n<p>La jornada inaugural ser\u00e1 el pr\u00f3ximo jueves 9 de noviembre y en ella intervendr\u00e1n Giovanna Moreira, Delegada Presidencial de Los Lagos; Claudia Renedo, Jefa de Divisi\u00f3n de Planificaci\u00f3n Regional y Desarrollo Regional de Los Lagos; Anita D\u00f6rner, Vicerrectora del Campus Chinquihue de la &nbsp;Universidad de Los Lagos; Osvaldo Bernales, Director Proyecto interuniversitario \u201cUniversidades del Estado comprometidas con el Territorio\u201d, y Guillermo D\u00edaz,&nbsp; Director Centro de Estudios del Desarrollo Regional y Pol\u00edticas P\u00fablicas (CEDER) de la Universidad de Los Lagos.<\/p>\n\n\n\n<p>Sobre los objetivos del evento, el profesor Osvaldo Bernales, quien adem\u00e1s es Presidente de la Red de Vinculaci\u00f3n con el Medio del CUECH, explic\u00f3 que <strong>\u201cnos parece de suma importancia porque vamos a tener la posibilidad de, primero, saber en qu\u00e9 est\u00e1 cada universidad en el estudio del desarrollo local y regional, y tambi\u00e9n enriquecer la propuesta de este modelo de relaci\u00f3n con los gobiernos regionales y con los municipios\u201d<\/strong>. En este contexto agrega que la instancia servir\u00e1 para \u201cidentificar cu\u00e1l es el rol pol\u00edtico-t\u00e9cnico que tienen estos centros para fortalecer esta relaci\u00f3n\u201d.&nbsp;<\/p>\n\n\n\n<p>A su juicio, este encuentro&nbsp;<strong>\u201ctiene una importancia estrat\u00e9gica, la Vinculaci\u00f3n con el Medio hay que entenderla como una herramienta de desarrollo que tienen las universidades para contribuir a los territorios desde el desaf\u00edo de lograr una mayor equidad y despliegue de oportunidades&nbsp;y eso&nbsp;implica fortalecer&nbsp;la relaci\u00f3n con gobiernos regionales, municipios, ONGs, fundaciones y tambi\u00e9n con la industria,&nbsp;en el espacio territorial entendido para el Proyecto como una construcci\u00f3n social\u201d<\/strong>. En esta jornada de trabajo se analizar\u00e1 adem\u00e1s la implementaci\u00f3n del Modelo de Referencia para el relacionamiento con la comunidad, el rol que le cabe a las universidades y centros de estudio en el proceso, y cu\u00e1l es la definici\u00f3n de territorio para la implementaci\u00f3n de los programas de Vinculaci\u00f3n con el Medio<\/p>\n","protected":false},"excerpt":{"rendered":"<p>La tem\u00e1tica principal estar\u00e1 orientada a debatir sobre la vinculaci\u00f3n de las estatales con sus respectivos territorios. El encuentro de dos d\u00edas se realizar\u00e1 en el campus Chinquihue de la Universidad de Los Lagos, junto a los centros de estudio regionales y locales.<\/p>\n","protected":false},"author":1,"featured_media":15475,"comment_status":"closed","ping_status":"closed","sticky":false,"template":"","format":"standard","meta":{"footnotes":""},"categories":[3],"tags":[2118,337,273,132,113,247,133,297],"class_list":["post-15474","post","type-post","status-publish","format-standard","has-post-thumbnail","hentry","category-al-dia","tag-semanariolocal","tag-informacion","tag-noticias","tag-osorno","tag-puerto-montt","tag-region-de-los-lagos","tag-semanario-local","tag-universidad-de-los-lagos"],"_links":{"self":[{"href":"https:\/\/www.semanariolocal.cl\/index.php?rest_route=\/wp\/v2\/posts\/15474","targetHints":{"allow":["GET"]}}],"collection":[{"href":"https:\/\/www.semanariolocal.cl\/index.php?rest_route=\/wp\/v2\/posts"}],"about":[{"href":"https:\/\/www.semanariolocal.cl\/index.php?rest_route=\/wp\/v2\/types\/post"}],"author":[{"embeddable":true,"href":"https:\/\/www.semanariolocal.cl\/index.php?rest_route=\/wp\/v2\/users\/1"}],"replies":[{"embeddable":true,"href":"https:\/\/www.semanariolocal.cl\/index.php?rest_route=%2Fwp%2Fv2%2Fcomments&post=15474"}],"version-history":[{"count":1,"href":"https:\/\/www.semanariolocal.cl\/index.php?rest_route=\/wp\/v2\/posts\/15474\/revisions"}],"predecessor-version":[{"id":15476,"href":"https:\/\/www.semanariolocal.cl\/index.php?rest_route=\/wp\/v2\/posts\/15474\/revisions\/15476"}],"wp:featuredmedia":[{"embeddable":true,"href":"https:\/\/www.semanariolocal.cl\/index.php?rest_route=\/wp\/v2\/media\/15475"}],"wp:attachment":[{"href":"https:\/\/www.semanariolocal.cl\/index.php?rest_route=%2Fwp%2Fv2%2Fmedia&parent=15474"}],"wp:term":[{"taxonomy":"category","embeddable":true,"href":"https:\/\/www.semanariolocal.cl\/index.php?rest_route=%2Fwp%2Fv2%2Fcategories&post=15474"},{"taxonomy":"post_tag","embeddable":true,"href":"https:\/\/www.semanariolocal.cl\/index.php?rest_route=%2Fwp%2Fv2%2Ftags&post=15474"}],"curies":[{"name":"wp","href":"https:\/\/api.w.org\/{rel}","templated":true}]}}