{"id":15443,"date":"2023-10-31T23:20:01","date_gmt":"2023-11-01T02:20:01","guid":{"rendered":"https:\/\/www.semanariolocal.cl\/?p=15443"},"modified":"2023-10-31T23:20:02","modified_gmt":"2023-11-01T02:20:02","slug":"estudiantes-de-psicologia-destacan-en-iniciativas-de-colaboracion-con-la-comunidad","status":"publish","type":"post","link":"https:\/\/www.semanariolocal.cl\/?p=15443","title":{"rendered":"Estudiantes de Psicolog\u00eda destacan en iniciativas de colaboraci\u00f3n con la comunidad"},"content":{"rendered":"\n<p>Con el sello de responsabilidad social universitaria que caracteriza a quienes se forman en la Universidad de Los Lagos, estudiantes de la carrera de Psicolog\u00eda del Campus Puerto Montt llevan adelante iniciativas de servicio a la comunidad que una vez m\u00e1s han adjudicado recursos universitarios para su continuaci\u00f3n.<\/p>\n\n\n\n<p>Es el caso del servicio prestado a la &nbsp;Casa Comunitaria F\u00e9lix Gonz\u00e1lez, organizaci\u00f3n sin fines de lucro, que atiende gratuitamente a pacientes y beneficiarios de la poblaci\u00f3n Alerce y de otros sectores de Puerto Montt. Entidad sin fines de lucro que en los \u00faltimos a\u00f1os ha contado con la estrecha colaboraci\u00f3n voluntaria de docentes y estudiantes de la Universidad de Los Lagos. Esta vez, la Direcci\u00f3n General de Vinculaci\u00f3n con el Medio adjudic\u00f3 recursos para tres&nbsp; proyectos de estudiantes de la carrera de Psicolog\u00eda, en el marco del concurso Talento Joven.<\/p>\n\n\n\n<p>Se trata de los proyectos <strong>\u00bbEstimulaci\u00f3n cognitiva en la comunidad: Terapia de Reminiscencia\u201d<\/strong>, a cargo de los estudiantes Andr\u00e9s C\u00e1rdenas y Luis Vargas; <strong>\u201cExcercise Game: Estimulaci\u00f3n a trav\u00e9s del ejercicio\u201d<\/strong> &nbsp;de las estudiantes Bel\u00e9n Ojeda, Carolina Morales y Brayan L\u00f3pez. Asimismo, se adjudic\u00f3 recursos para su ejecuci\u00f3n en Casa F\u00e9lix el proyecto <strong>\u201cTaller R.E.P de funciones cognitivas\u201d<\/strong>, de los &nbsp;estudiantes Brayan L\u00f3pez, &nbsp;Andr\u00e9s C\u00e1rdenas y&nbsp; Mat\u00edas Ulloa.<\/p>\n\n\n\n<p>Con esta adjudicaci\u00f3n la Universidad de Los Lagos propone visibilizar y promover iniciativas que contribuyan a la formaci\u00f3n integral de los y las estudiantes, permiti\u00e9ndoles vincularse con organizaciones del territorio, y trabajar con comunidades locales.\u00a0<\/p>\n\n\n\n<p><strong>XVII&nbsp;Congreso&nbsp;Chileno de Psicolog\u00eda &nbsp;<\/strong><\/p>\n\n\n\n<p>En esta l\u00ednea de servicio a la comunidad, estudiantes de 5\u00b0 a\u00f1o presentaron dos ponencias en el&nbsp; <strong>XVII&nbsp;Congreso&nbsp;Chileno de Psicolog\u00eda &nbsp;realizado en&nbsp; Punta Arenas, entre el 4 y 6 de octubre. <\/strong>Con el t\u00edtulo<strong>\u00abProblemas de salud mental percibidos por los y las adolescentes de la Regi\u00f3n de Los Lagos en contexto post-pand\u00e9mico\u00bb<\/strong>&nbsp; Francisca D\u00f6ernes, Lorena Pradines y Evelin&nbsp;Orellana presentaron el trabajo realizado en beneficio de la salud mental adolescente. Asimismo, se present\u00f3 el tema &nbsp;\u00abBienestar psicol\u00f3gico en acad\u00e9micos y funcionarios no acad\u00e9micos en el contexto de vida universitaria\u201d, a cargo de los estudiantes Diego Zurita y Braina L\u00f3pez.<\/p>\n","protected":false},"excerpt":{"rendered":"<p>Proyectos partieron en agosto y se extender\u00e1n hasta el 29 de diciembre de este a\u00f1o y \u00a0son patrocinados por el psic\u00f3logo Mauricio Gonz\u00e1lez Sep\u00falveda, acad\u00e9mico de la carrera de Psicolog\u00eda.<\/p>\n","protected":false},"author":1,"featured_media":15444,"comment_status":"closed","ping_status":"closed","sticky":false,"template":"","format":"standard","meta":{"footnotes":""},"categories":[3,11],"tags":[2118,337,273,132,247,133,656,84,297],"class_list":["post-15443","post","type-post","status-publish","format-standard","has-post-thumbnail","hentry","category-al-dia","category-educacion","tag-semanariolocal","tag-informacion","tag-noticias","tag-osorno","tag-region-de-los-lagos","tag-semanario-local","tag-ula","tag-ulagos","tag-universidad-de-los-lagos"],"_links":{"self":[{"href":"https:\/\/www.semanariolocal.cl\/index.php?rest_route=\/wp\/v2\/posts\/15443","targetHints":{"allow":["GET"]}}],"collection":[{"href":"https:\/\/www.semanariolocal.cl\/index.php?rest_route=\/wp\/v2\/posts"}],"about":[{"href":"https:\/\/www.semanariolocal.cl\/index.php?rest_route=\/wp\/v2\/types\/post"}],"author":[{"embeddable":true,"href":"https:\/\/www.semanariolocal.cl\/index.php?rest_route=\/wp\/v2\/users\/1"}],"replies":[{"embeddable":true,"href":"https:\/\/www.semanariolocal.cl\/index.php?rest_route=%2Fwp%2Fv2%2Fcomments&post=15443"}],"version-history":[{"count":1,"href":"https:\/\/www.semanariolocal.cl\/index.php?rest_route=\/wp\/v2\/posts\/15443\/revisions"}],"predecessor-version":[{"id":15445,"href":"https:\/\/www.semanariolocal.cl\/index.php?rest_route=\/wp\/v2\/posts\/15443\/revisions\/15445"}],"wp:featuredmedia":[{"embeddable":true,"href":"https:\/\/www.semanariolocal.cl\/index.php?rest_route=\/wp\/v2\/media\/15444"}],"wp:attachment":[{"href":"https:\/\/www.semanariolocal.cl\/index.php?rest_route=%2Fwp%2Fv2%2Fmedia&parent=15443"}],"wp:term":[{"taxonomy":"category","embeddable":true,"href":"https:\/\/www.semanariolocal.cl\/index.php?rest_route=%2Fwp%2Fv2%2Fcategories&post=15443"},{"taxonomy":"post_tag","embeddable":true,"href":"https:\/\/www.semanariolocal.cl\/index.php?rest_route=%2Fwp%2Fv2%2Ftags&post=15443"}],"curies":[{"name":"wp","href":"https:\/\/api.w.org\/{rel}","templated":true}]}}