{"id":15440,"date":"2023-10-31T11:09:00","date_gmt":"2023-10-31T14:09:00","guid":{"rendered":"https:\/\/www.semanariolocal.cl\/?p=15440"},"modified":"2023-10-31T23:14:08","modified_gmt":"2023-11-01T02:14:08","slug":"invitan-a-organizaciones-de-adultos-mayores-para-visitar-de-forma-gratuita-1er-dia-de-sago-fisur-2023","status":"publish","type":"post","link":"https:\/\/www.semanariolocal.cl\/?p=15440","title":{"rendered":"Invitan a organizaciones de adultos mayores para visitar de forma gratuita 1er d\u00eda de SAGO Fisur 2023"},"content":{"rendered":"\n<p><strong>Ver\u00f3nica Ru\u00edz, encargada de Vinculaci\u00f3n con el Medio de SAGO A.G.<\/strong>&nbsp;coment\u00f3 que la organizaci\u00f3n de la muestra desea generar las condiciones m\u00e1s apropiadas para que la mayor cantidad posible de p\u00fablico tenga acceso al evento.&nbsp;<strong><em>\u201cDe forma tradicional, en el d\u00eda de apertura de la muestra, siempre se acoge a delegaciones de estudiantes de distintos establecimientos educacionales, que visitan la Feria con actividades de car\u00e1cter formativo en el marco de SAGO Fisur, lo que tambi\u00e9n ocurrir\u00e1 este a\u00f1o. Sin embargo, el Directorio de nuestro Gremio sum\u00f3 la invitaci\u00f3n para que en 2023, grupos organizados de adultos mayores, puedan visitar y disfrutar de la feria, con entrada gratu\u00edta entre las 10 de la ma\u00f1ana y las 16 horas del jueves 23 de noviembre\u201d<\/em><\/strong>, dijo.<\/p>\n\n\n\n<p>Ru\u00edz explic\u00f3 que la idea de la organizaci\u00f3n, es facilitar la experiencia de este importante grupo de nuestra comunidad, para poder recorrer y conocer los distintos rincones de SAGO Fisur.&nbsp;<strong><em>\u201cMuchos adultos mayores caminan a un ritmo un poco m\u00e1s lento, o tienen intereses distintos a los de otro segmento de visitantes, que est\u00e1n enfocados en la parte empresarial. Entonces, la jornada inicial de la muestra es un d\u00eda en el que el Recinto SAGO est\u00e1 en condiciones de poder brindarles m\u00e1s espacios y mayor comodidad, por lo que les esperamos con la alegr\u00eda del coraz\u00f3n de Chile, para sumarse a una celebraci\u00f3n que est\u00e1 en el ADN de toda la gente del sur\u201d\u201d<\/em><\/strong>, agreg\u00f3 la vocera del gremio agr\u00edcola.<\/p>\n\n\n\n<p>La organizaci\u00f3n de SAGO Fisur 2023 ya extendi\u00f3 la invitaci\u00f3n a una decena de clubes de adultos mayores de la comuna, y a 28 establecimientos educacionales de la provincia de Osorno para que puedan asistir a la muestra, en grupos organizados y de manera gratuita el jueves 23 de noviembre. Sin embargo, se mantiene abierta la posibilidad para que se sumen m\u00e1s organizaciones de adultos mayores que deseen aprovechar la oportunidad de conocer primero las novedades de la principal muestra silvoagropecuaria del pa\u00eds, para que puedan inscribirse, enviando un correo electr\u00f3nico al email&nbsp;<a href=\"mailto:contacto@fisur.cl\" target=\"_blank\" rel=\"noreferrer noopener\">contacto@fisur.cl<\/a>&nbsp;.<\/p>\n\n\n\n<p><strong><em>\u201cVamos a recibir las n\u00f3minas de todos los grupos que deseen asistir a SAGO Fisur 2023 hasta el 17 de noviembre, asi que a\u00fan hay tiempo para poder inscribirse y participar de la muestra. Lo importante, es que en las n\u00f3minas de los grupos que se inscriban, tanto de adultos mayores como de estudiantes, est\u00e9 claramente identificado el responsable del grupo que asistir\u00e1 a nuestra muestra, con sus datos personales, incluyendo tel\u00e9fono y correo electr\u00f3nico\u00bb<\/em><\/strong>, precis\u00f3 la&nbsp;<strong>encargada de Vinculaci\u00f3n con el Medio de SAGO A.G., Ver\u00f3nica Ru\u00edz.<\/strong><\/p>\n","protected":false},"excerpt":{"rendered":"<p>Dentro de las novedades que presentar\u00e1 la nonag\u00e9sima s\u00e9ptima edici\u00f3n de SAGO Fisur 2023, que se realizar\u00e1 entre el jueves 23 y domingo 26 de noviembre, destaca la invitaci\u00f3n del Directorio del Gremio agr\u00edcola a diferentes organizaciones de adultos mayores para que puedan visitar el Recinto SAGO durante el primer d\u00eda del evento de manera gratuita<\/p>\n","protected":false},"author":1,"featured_media":15441,"comment_status":"closed","ping_status":"closed","sticky":false,"template":"","format":"standard","meta":{"footnotes":""},"categories":[20,3],"tags":[],"class_list":["post-15440","post","type-post","status-publish","format-standard","has-post-thumbnail","hentry","category-agro","category-al-dia"],"_links":{"self":[{"href":"https:\/\/www.semanariolocal.cl\/index.php?rest_route=\/wp\/v2\/posts\/15440","targetHints":{"allow":["GET"]}}],"collection":[{"href":"https:\/\/www.semanariolocal.cl\/index.php?rest_route=\/wp\/v2\/posts"}],"about":[{"href":"https:\/\/www.semanariolocal.cl\/index.php?rest_route=\/wp\/v2\/types\/post"}],"author":[{"embeddable":true,"href":"https:\/\/www.semanariolocal.cl\/index.php?rest_route=\/wp\/v2\/users\/1"}],"replies":[{"embeddable":true,"href":"https:\/\/www.semanariolocal.cl\/index.php?rest_route=%2Fwp%2Fv2%2Fcomments&post=15440"}],"version-history":[{"count":1,"href":"https:\/\/www.semanariolocal.cl\/index.php?rest_route=\/wp\/v2\/posts\/15440\/revisions"}],"predecessor-version":[{"id":15442,"href":"https:\/\/www.semanariolocal.cl\/index.php?rest_route=\/wp\/v2\/posts\/15440\/revisions\/15442"}],"wp:featuredmedia":[{"embeddable":true,"href":"https:\/\/www.semanariolocal.cl\/index.php?rest_route=\/wp\/v2\/media\/15441"}],"wp:attachment":[{"href":"https:\/\/www.semanariolocal.cl\/index.php?rest_route=%2Fwp%2Fv2%2Fmedia&parent=15440"}],"wp:term":[{"taxonomy":"category","embeddable":true,"href":"https:\/\/www.semanariolocal.cl\/index.php?rest_route=%2Fwp%2Fv2%2Fcategories&post=15440"},{"taxonomy":"post_tag","embeddable":true,"href":"https:\/\/www.semanariolocal.cl\/index.php?rest_route=%2Fwp%2Fv2%2Ftags&post=15440"}],"curies":[{"name":"wp","href":"https:\/\/api.w.org\/{rel}","templated":true}]}}