{"id":15437,"date":"2023-10-31T23:07:28","date_gmt":"2023-11-01T02:07:28","guid":{"rendered":"https:\/\/www.semanariolocal.cl\/?p=15437"},"modified":"2023-10-31T23:14:57","modified_gmt":"2023-11-01T02:14:57","slug":"un-80-de-las-empresas-revisara-su-modelo-de-prevencion-de-delitos","status":"publish","type":"post","link":"https:\/\/www.semanariolocal.cl\/?p=15437","title":{"rendered":"Un 80% de las empresas revisar\u00e1 su modelo de prevenci\u00f3n\u00a0de\u00a0delitos"},"content":{"rendered":"\n<p>Trabajando activamente para adaptarse y enfrentar de la mejor manera el nuevo escenario normativo que se abre. As\u00ed se encuentran las empresas de cara a la nueva ley de Delitos Econ\u00f3micos, que entr\u00f3 en vigor en Chile y cuyos alcances representan un cambio importante. As\u00ed lo muestra el pulso realizado por Fundaci\u00f3n Generaci\u00f3n Empresarial (FGE) y Mazars aplicado a directores, gerentes generales, legales y de cumplimiento de 96 empresas que operan en el pa\u00eds. Los resultados se dieron a conocer en la charla final de un ciclo enfocado en gobiernos corporativos, que tuvo como tema de an\u00e1lisis la nueva legislaci\u00f3n.<\/p>\n\n\n\n<p>El estudio revel\u00f3 que un 80% de las compa\u00f1\u00edas contempla revisar su modelo de prevenci\u00f3n de delitos y que el 96% de ellas ya cuenta con un canal \u00e9tico u otro medio para recepcionar denuncias, los cuales en su gran mayor\u00eda (82%) est\u00e1n disponibles para cualquier persona \u2014interna o externa\u2014 que requiera realizar alguna denuncia o consulta.<\/p>\n\n\n\n<p>\u201cEste pulso desarrollado por FGE y Marzars nos entrega interesantes luces sobre qu\u00e9 est\u00e1n haciendo las empresas, en concreto, para abordar la nueva normativa. Cabe destacar que la gran mayor\u00eda de los encuestados, un 96%, afirma que la organizaci\u00f3n a la que pertenece ya cuenta con un canal \u00e9tico u otro medio para recibir denuncias, instancias de compliance que facilitan hacerse cargo de estas tem\u00e1ticas\u201d, coment\u00f3 la presidenta de FGE, Janet Awad. &nbsp;<\/p>\n\n\n\n<p>Seg\u00fan el sondeo, las empresas est\u00e1n enfocadas en capacitar a sus empleados en esta materia. Adem\u00e1s, est\u00e1n considerando la contrataci\u00f3n de nuevos profesionales para reforzar sus equipos. \u201cEl 76% de los participantes afirm\u00f3 que su organizaci\u00f3n ha realizado capacitaciones o acciones de comunicaci\u00f3n para informar sobre la nueva ley y un 44% indic\u00f3 que ya ha realizado contrataciones adicionales o proyectan hacerlo en el corto plazo. Esto nos muestra que las empresas est\u00e1n generando activamente estrategias para dar cumplimiento a la norma\u201d, complement\u00f3 Fernanda Hurtado, gerente general de FGE.<\/p>\n\n\n\n<p>Por su parte, el managing partner de Mazars, Rub\u00e9n L\u00f3pez, destac\u00f3 la importancia de que las empresas tengan un Modelo de Prevenci\u00f3n del Delito robusto y de que los directorios se asesoren para hacer frente a&nbsp;estos&nbsp;desaf\u00edos. \u201cLos cambios que trae este cuerpo legal no son menores: se han tipificado m\u00e1s de 200 nuevos delitos econ\u00f3micos, repartidos en m\u00faltiples leyes, todo, en busca de aumentar la confianza de la sociedad en el quehacer empresarial. Por lo mismo, creemos que es clave que las personas responsables de los modelos de prevenci\u00f3n del delito tengan los niveles de competencia necesarios para aplicarlos y cumplir la normativa a cabalidad\u201d.<\/p>\n\n\n\n<p>Contrataci\u00f3n de seguros<\/p>\n\n\n\n<p>Adem\u00e1s, el pulso FGE-Mazars consult\u00f3 a los ejecutivos si la empresa en la que se desempe\u00f1an tiene contemplado contratar seguros para directores y gerentes, de manera que ejerzan sus tareas con respaldo, ante lo cual un 43% dijo que no lo tiene considerado, un 27% que s\u00ed y un 30% que no sabe.<\/p>\n\n\n\n<p>Finalmente, la encuesta tambi\u00e9n pregunt\u00f3 sobre cu\u00e1les de las tipolog\u00edas de delitos que contempla la nueva ley tiene mayor relevancia para su organizaci\u00f3n. Mientras un&nbsp;<strong>48% respondi\u00f3 que los de primera categor\u00eda<\/strong>&nbsp;(puramente econ\u00f3micos que inciden en mercados regulados, ejemplo: ocultar informaci\u00f3n solicitada por la FNE o falsear, colusi\u00f3n, negociaci\u00f3n incompatible, corrupci\u00f3n entre privados), un&nbsp;<strong>32% dijo que corresponden a los de segunda categor\u00eda<\/strong>&nbsp;(delitos contra la propiedad intelectual, propiedad industrial, inform\u00e1ticos, contrabando, etc.).<strong>&nbsp;En tanto, un 12% coment\u00f3 que los m\u00e1s importantes son los de tercera categor\u00eda<\/strong>&nbsp;(cohecho a funcionario p\u00fablico, delitos funcionarios, falsificaci\u00f3n o utilizaci\u00f3n maliciosa de certificados de la Superintendencia del Medio Ambiente, entre otros), y un8% los de cuarta categor\u00eda (relacionados con receptaci\u00f3n, blanqueo y lavado de activos).<\/p>\n","protected":false},"excerpt":{"rendered":"<p>Un sondeo realizado por Pulso FGE-Mazars sobre nueva ley de delitos econ\u00f3micos y en el marco de un ciclo de charlas enfocadas en gobiernos corporativos, incluy\u00f3 la percepci\u00f3n de directores, gerentes generales, legales y de cumplimiento de 96 empresas. En este ejercicio fueron consultados sobre cu\u00e1l de las tipolog\u00edas de il\u00edcitos que contempla la nueva ley tiene mayor relevancia para su organizaci\u00f3n, un 48% de los encuestados respondi\u00f3 que los de primera categor\u00eda, es decir, aquellos puramente econ\u00f3micos que inciden en mercados regulados. <\/p>\n","protected":false},"author":1,"featured_media":15438,"comment_status":"closed","ping_status":"closed","sticky":false,"template":"","format":"standard","meta":{"footnotes":""},"categories":[3,12],"tags":[2118,337,273,132,247,133],"class_list":["post-15437","post","type-post","status-publish","format-standard","has-post-thumbnail","hentry","category-al-dia","category-economia","tag-semanariolocal","tag-informacion","tag-noticias","tag-osorno","tag-region-de-los-lagos","tag-semanario-local"],"_links":{"self":[{"href":"https:\/\/www.semanariolocal.cl\/index.php?rest_route=\/wp\/v2\/posts\/15437","targetHints":{"allow":["GET"]}}],"collection":[{"href":"https:\/\/www.semanariolocal.cl\/index.php?rest_route=\/wp\/v2\/posts"}],"about":[{"href":"https:\/\/www.semanariolocal.cl\/index.php?rest_route=\/wp\/v2\/types\/post"}],"author":[{"embeddable":true,"href":"https:\/\/www.semanariolocal.cl\/index.php?rest_route=\/wp\/v2\/users\/1"}],"replies":[{"embeddable":true,"href":"https:\/\/www.semanariolocal.cl\/index.php?rest_route=%2Fwp%2Fv2%2Fcomments&post=15437"}],"version-history":[{"count":1,"href":"https:\/\/www.semanariolocal.cl\/index.php?rest_route=\/wp\/v2\/posts\/15437\/revisions"}],"predecessor-version":[{"id":15439,"href":"https:\/\/www.semanariolocal.cl\/index.php?rest_route=\/wp\/v2\/posts\/15437\/revisions\/15439"}],"wp:featuredmedia":[{"embeddable":true,"href":"https:\/\/www.semanariolocal.cl\/index.php?rest_route=\/wp\/v2\/media\/15438"}],"wp:attachment":[{"href":"https:\/\/www.semanariolocal.cl\/index.php?rest_route=%2Fwp%2Fv2%2Fmedia&parent=15437"}],"wp:term":[{"taxonomy":"category","embeddable":true,"href":"https:\/\/www.semanariolocal.cl\/index.php?rest_route=%2Fwp%2Fv2%2Fcategories&post=15437"},{"taxonomy":"post_tag","embeddable":true,"href":"https:\/\/www.semanariolocal.cl\/index.php?rest_route=%2Fwp%2Fv2%2Ftags&post=15437"}],"curies":[{"name":"wp","href":"https:\/\/api.w.org\/{rel}","templated":true}]}}