{"id":15393,"date":"2023-10-29T09:09:00","date_gmt":"2023-10-29T12:09:00","guid":{"rendered":"https:\/\/www.semanariolocal.cl\/?p=15393"},"modified":"2023-10-29T21:11:30","modified_gmt":"2023-10-30T00:11:30","slug":"comision-de-economia-oficia-al-gobierno-para-darle-urgencia-al-chao-dicom","status":"publish","type":"post","link":"https:\/\/www.semanariolocal.cl\/?p=15393","title":{"rendered":"Comisi\u00f3n de Econom\u00eda oficia al Gobierno para darle urgencia al \u201cChao Dicom\u201d"},"content":{"rendered":"\n<p>La Comisi\u00f3n de Econom\u00eda de la C\u00e1mara de Diputadas y Diputados acogi\u00f3 la solicitud del diputado socialista Daniel Manouchehri de oficiar al Gobierno para darle urgencia al proyecto conocido como \u201cChao Dicom\u201d. La iniciativa, impulsada por Manouchehri, busca eliminar y prohibir el uso de datos sobre deudas impagas al 30 de abril de 2022, desde el estallido social y dentro del periodo m\u00e1s duro de la pandemia.<\/p>\n\n\n\n<p>\u201cTenemos una situaci\u00f3n bastante compleja de endeudamiento a nivel nacional. Y tambi\u00e9n tenemos un problema respecto de la reactivaci\u00f3n econ\u00f3mica, que es un problema latente en nuestra sociedad. Desde este Congreso, en especial desde esta comisi\u00f3n, nosotros emanamos un proyecto de ley transversal con los respaldos desde el Partido Comunista, la UDI, el Partido Socialista, Renovaci\u00f3n Nacional y que fue aprobado por la C\u00e1mara de Diputados por una amplia mayor\u00eda que fue el proyecto del \u2018Chao Dicom\u2019. Hoy d\u00eda la verdad es que este proyecto duerme en el Senado\u201d, se\u00f1al\u00f3.<\/p>\n\n\n\n<p>En esa l\u00ednea, el legislador por la Regi\u00f3n de Coquimbo solicit\u00f3 oficiar al Ministerio Secretar\u00eda General de la Presidencia para que se le ponga urgencia a la moci\u00f3n en la Comisi\u00f3n de Econom\u00eda del Senado, remitiendo tambi\u00e9n el mensaje a los ministerios de Econom\u00eda y Hacienda.<\/p>\n\n\n\n<p>\u201cEs proyecto que nos parece del todo relevante para poder avanzar en una segunda oportunidad para las personas. Por lo dem\u00e1s, este es un proyecto que cuenta con un respaldo amplio en el Congreso, por lo cual no se explica que no est\u00e9 avanzando. Hay una inquietud ciudadana muy alta tambi\u00e9n. Mucha gente se contacta a diario con aquellos que fuimos autores de este proyecto para consultar en qu\u00e9 est\u00e1, porque la gente ve que el proyecto fue aprobado en la C\u00e1mara de Diputados y espera que prontamente salga, pero el proyecto sigue durmiendo en el Senado\u201d, recalc\u00f3 Manouchehri.<\/p>\n\n\n\n<p>Finalmente, la Comisi\u00f3n de la C\u00e1mara Baja tambi\u00e9n ofici\u00f3 a la Comisi\u00f3n del Senado para acelerar la tramitaci\u00f3n de esta moci\u00f3n.<\/p>\n","protected":false},"excerpt":{"rendered":"<p>La Comisi\u00f3n de Econom\u00eda de la C\u00e1mara de Diputadas y Diputados acogi\u00f3 la solicitud del diputado socialista Daniel Manouchehri de oficiar al Gobierno para darle urgencia al proyecto conocido como \u201cChao Dicom\u201d. La iniciativa, impulsada por Manouchehri, busca eliminar y prohibir el uso de datos sobre deudas impagas al 30 de abril de 2022, desde&#8230;<a class=\"btnReadMore\" href=\"https:\/\/www.semanariolocal.cl\/?p=15393\"> Leer M\u00e1s<\/a><\/p>\n","protected":false},"author":1,"featured_media":10345,"comment_status":"closed","ping_status":"closed","sticky":false,"template":"","format":"standard","meta":{"footnotes":""},"categories":[6],"tags":[],"class_list":["post-15393","post","type-post","status-publish","format-standard","has-post-thumbnail","hentry","category-politica"],"_links":{"self":[{"href":"https:\/\/www.semanariolocal.cl\/index.php?rest_route=\/wp\/v2\/posts\/15393","targetHints":{"allow":["GET"]}}],"collection":[{"href":"https:\/\/www.semanariolocal.cl\/index.php?rest_route=\/wp\/v2\/posts"}],"about":[{"href":"https:\/\/www.semanariolocal.cl\/index.php?rest_route=\/wp\/v2\/types\/post"}],"author":[{"embeddable":true,"href":"https:\/\/www.semanariolocal.cl\/index.php?rest_route=\/wp\/v2\/users\/1"}],"replies":[{"embeddable":true,"href":"https:\/\/www.semanariolocal.cl\/index.php?rest_route=%2Fwp%2Fv2%2Fcomments&post=15393"}],"version-history":[{"count":1,"href":"https:\/\/www.semanariolocal.cl\/index.php?rest_route=\/wp\/v2\/posts\/15393\/revisions"}],"predecessor-version":[{"id":15394,"href":"https:\/\/www.semanariolocal.cl\/index.php?rest_route=\/wp\/v2\/posts\/15393\/revisions\/15394"}],"wp:featuredmedia":[{"embeddable":true,"href":"https:\/\/www.semanariolocal.cl\/index.php?rest_route=\/wp\/v2\/media\/10345"}],"wp:attachment":[{"href":"https:\/\/www.semanariolocal.cl\/index.php?rest_route=%2Fwp%2Fv2%2Fmedia&parent=15393"}],"wp:term":[{"taxonomy":"category","embeddable":true,"href":"https:\/\/www.semanariolocal.cl\/index.php?rest_route=%2Fwp%2Fv2%2Fcategories&post=15393"},{"taxonomy":"post_tag","embeddable":true,"href":"https:\/\/www.semanariolocal.cl\/index.php?rest_route=%2Fwp%2Fv2%2Ftags&post=15393"}],"curies":[{"name":"wp","href":"https:\/\/api.w.org\/{rel}","templated":true}]}}