{"id":15388,"date":"2023-10-29T15:00:00","date_gmt":"2023-10-29T18:00:00","guid":{"rendered":"https:\/\/www.semanariolocal.cl\/?p=15388"},"modified":"2023-10-29T21:04:31","modified_gmt":"2023-10-30T00:04:31","slug":"sag-los-lagos-supervisa-condicion-sanitaria-y-proceso-de-exportacion-de-ganado-en-pie-a-peru","status":"publish","type":"post","link":"https:\/\/www.semanariolocal.cl\/?p=15388","title":{"rendered":"SAG Los Lagos supervisa condici\u00f3n sanitaria y proceso de exportaci\u00f3n de ganado en pie a Per\u00fa"},"content":{"rendered":"\n<p>Finalizando la etapa de cuarentena, en el sector Las Quemas Bajas, en la comuna de Osorno, se encuentra el ganado de raza Angus que ser\u00e1 exportado en los pr\u00f3ximos d\u00edas, en pie, a Per\u00fa. Por esta raz\u00f3n, Alfredo Kido, Director Regional (s) del SAG Los Lagos, acudi\u00f3 al predio para constatar el cumplimiento estricto asociado a la cuarentena, y en general, el apego a los requisitos sanitarios solicitados por el mercado de destino.<\/p>\n\n\n\n<p>\u201cEl proceso de cuarentena pre-env\u00edo representa la parte de final del proceso de certificaci\u00f3n sanitaria. Esta actividad cuenta con una estricta supervisi\u00f3n del SAG, para garantizar el pleno cumplimiento de las exigencias que ha establecido el mercado de Per\u00fa para recibir a este reba\u00f1o y, adem\u00e1s, de las garant\u00edas de bienestar animal durante su traslado por tierra desde Osorno hasta la ciudad de Tacna, en Per\u00fa\u201d, sostuvo Alfredo Kido.<\/p>\n\n\n\n<p>Se trata de la exportaci\u00f3n de 10 bovinos, hembras y machos de reproducci\u00f3n, de la raza Angus (carne). El plantel de origen, corresponde al Criadero California, centro gen\u00e9tico dedicado hace 45 a\u00f1os a la crianza de reba\u00f1os raza Angus, principalmente para reproducci\u00f3n, que pertenece a Ricardo Hevia Hott.\u00a0El peso aproximado de las hembras oscila entre los 400 y 430 kilos (nacidas en julio y agosto del a\u00f1o pasado) y el peso de los machos bordea los 500 kilos (nacidos en junio del a\u00f1o pasado).<\/p>\n\n\n\n<p>Seg\u00fan explic\u00f3 Ricardo Hevia, \u201cPer\u00fa se encuentra habilitando un centro gen\u00e9tico para reproducir la raza Angus, ganado que destaca porque produce muy buena carne y las hembras son muy buenas madres. Son animales m\u00e1s r\u00fasticos, que tienen mejor adaptabilidad al clima extremo\u201d.<\/p>\n\n\n\n<p>Por su parte, Luis Cueva Miranda de Invetmed Global Per\u00fa, entidad a cargo de la importaci\u00f3n, dijo que \u201ctenemos la suerte llevar el mejor Angus de Latinoam\u00e9rica que es el que reproduce el se\u00f1or Hevia. Este reba\u00f1o es para iniciar un n\u00facleo gen\u00e9tico en Lima, desde el cual se va a distribuir gen\u00e9tica a ganaderos de todo el pa\u00eds para el cruce con Brahman o Ceb\u00fas para formar el Brangus, los cuales se adaptan muy bien a los climas del Per\u00fa\u201d.<\/p>\n\n\n\n<p>\u201cComo son animales de alto valor gen\u00e9tico, se van a multiplicar a trav\u00e9s de embriones para su distribuci\u00f3n a todo el Per\u00fa, es un programa a 10 a\u00f1os, que tiene como finalidad mejorar la producci\u00f3n y la calidad de la carne. A nivel de Latinoam\u00e9rica, Chile es nuestro \u00fanico proveedor de material gen\u00e9tico. El resto del ganado lo estamos buscando en Norteam\u00e9rica, Canad\u00e1 y Estados Unidos, principalmente\u201d, enfatiz\u00f3 Cueva.<\/p>\n\n\n\n<p>\u201cSe vienen muchos env\u00edos desde Chile, porque es un pa\u00eds que est\u00e1 muy avanzado en gen\u00e9tica. Actualmente ya estamos proyectando la exportaci\u00f3n de otras razas, de carne y tambi\u00e9n de leche como Normando y Montbeli\u00e9rde, en cantidades m\u00e1s grandes. Estamos buscando en la regi\u00f3n de Los Lagos y tambi\u00e9n en la regi\u00f3n de Los R\u00edos\u201d, finaliz\u00f3 Cueva.<\/p>\n","protected":false},"excerpt":{"rendered":"<p>\u201cEl traslado se realizar\u00e1 v\u00eda terrestre hasta el control fronterizo de Santa Rosa (Tacna, Per\u00fa). Desde Osorno, hasta el destino final, el ganado deber\u00e1 recibir agua, alimento, y descansar a lo menos por 8 horas en lugares autorizados por el Servicio, primero en la comuna de Freirina y, posteriormente, en la comuna de Arica\u201d,\u00a0precis\u00f3 el Director Regional del SAG.<\/p>\n","protected":false},"author":1,"featured_media":15389,"comment_status":"closed","ping_status":"closed","sticky":false,"template":"","format":"standard","meta":{"footnotes":""},"categories":[20,3,9],"tags":[],"class_list":["post-15388","post","type-post","status-publish","format-standard","has-post-thumbnail","hentry","category-agro","category-al-dia","category-gobierno"],"_links":{"self":[{"href":"https:\/\/www.semanariolocal.cl\/index.php?rest_route=\/wp\/v2\/posts\/15388","targetHints":{"allow":["GET"]}}],"collection":[{"href":"https:\/\/www.semanariolocal.cl\/index.php?rest_route=\/wp\/v2\/posts"}],"about":[{"href":"https:\/\/www.semanariolocal.cl\/index.php?rest_route=\/wp\/v2\/types\/post"}],"author":[{"embeddable":true,"href":"https:\/\/www.semanariolocal.cl\/index.php?rest_route=\/wp\/v2\/users\/1"}],"replies":[{"embeddable":true,"href":"https:\/\/www.semanariolocal.cl\/index.php?rest_route=%2Fwp%2Fv2%2Fcomments&post=15388"}],"version-history":[{"count":1,"href":"https:\/\/www.semanariolocal.cl\/index.php?rest_route=\/wp\/v2\/posts\/15388\/revisions"}],"predecessor-version":[{"id":15390,"href":"https:\/\/www.semanariolocal.cl\/index.php?rest_route=\/wp\/v2\/posts\/15388\/revisions\/15390"}],"wp:featuredmedia":[{"embeddable":true,"href":"https:\/\/www.semanariolocal.cl\/index.php?rest_route=\/wp\/v2\/media\/15389"}],"wp:attachment":[{"href":"https:\/\/www.semanariolocal.cl\/index.php?rest_route=%2Fwp%2Fv2%2Fmedia&parent=15388"}],"wp:term":[{"taxonomy":"category","embeddable":true,"href":"https:\/\/www.semanariolocal.cl\/index.php?rest_route=%2Fwp%2Fv2%2Fcategories&post=15388"},{"taxonomy":"post_tag","embeddable":true,"href":"https:\/\/www.semanariolocal.cl\/index.php?rest_route=%2Fwp%2Fv2%2Ftags&post=15388"}],"curies":[{"name":"wp","href":"https:\/\/api.w.org\/{rel}","templated":true}]}}