{"id":15382,"date":"2023-10-29T08:10:50","date_gmt":"2023-10-29T11:10:50","guid":{"rendered":"https:\/\/www.semanariolocal.cl\/?p=15382"},"modified":"2023-10-29T21:00:34","modified_gmt":"2023-10-30T00:00:34","slug":"seremi-de-ciencia-destaca-labor-biologica-y-ambiental-de-la-estacion-experimental-de-frutillar","status":"publish","type":"post","link":"https:\/\/www.semanariolocal.cl\/?p=15382","title":{"rendered":"Seremi de Ciencia destaca labor biol\u00f3gica y ambiental de la Estaci\u00f3n Experimental de Frutillar"},"content":{"rendered":"\n<p>A s\u00f3lo 5 minutos del centro de Frutillar (Regi\u00f3n de Los Lagos) se encuentra ubicada la Estaci\u00f3n Experimental, dependiente de la Facultad de Ciencias Forestales y Conservaci\u00f3n de la Naturaleza, de la Universidad de Chile. Las instalaciones, de 33 hect\u00e1reas, fueron visitadas este martes por la Seremi Macrozonal Sur de Ciencia, Tecnolog\u00eda, Conocimiento e Innovaci\u00f3n (CTCI), Maite Castro, quien valor\u00f3 la existencia de este espacio.<\/p>\n\n\n\n<p>\u201cUno de los objetivos de nuestro ministerio es incentivar la realizaci\u00f3n de investigaciones cient\u00edficas, y en general, promover todas las actividades que generen conocimiento. Fue en el marco de esto que concretamos una visita a este gran lugar para conocer su labor. Se trata de un espacio abierto al p\u00fablico, que puede ser visitado por personas de todas las edades y que tiene todo lo necesario para que ni\u00f1os, adolescentes y adultos aprendan a reconocer las especies, y por, sobre todo, se eduquen respecto de la importancia de proteger nuestra biodiversidad\u201d, explic\u00f3 la autoridad zonal.<\/p>\n\n\n\n<p>La estaci\u00f3n experimental naci\u00f3 en 1959 (tiene 64 a\u00f1os). Est\u00e1 ubicada en la zona sur de Frutillar (inserta dentro de la zona urbana) y se extiende por 33 hect\u00e1reas. Destaca por poseer un ecosistema \u00fanico, s\u00f3lo existente en la cuenca del lago Llanquihue, caracterizado por un bosque laurifolio templado interior, con especies la presencia de m\u00e1s de 150 especies de flora y fauna.<\/p>\n\n\n\n<p>Paulette Naulin es acad\u00e9mica de la Facultad de Ciencias Forestales y Conservaci\u00f3n de la Naturaleza, de la Universidad de Chile, y directora acad\u00e9mica del predio Frutillar. Ella explica que en la estaci\u00f3n existen m\u00e1s de 90 plantaciones experimentales de hasta 60 a\u00f1os de antig\u00fcedad, \u00fanicas gracias a las condiciones geogr\u00e1ficas que ah\u00ed se dan. Esto, seg\u00fan Naulin, permite observar el crecimiento potencial de las especies.<\/p>\n\n\n\n<p>\u201cPara nosotros, es muy importante la vinculaci\u00f3n con el medio, toda vez que la ciencia actual cada vez est\u00e1 tendiendo m\u00e1s a conectarse con la ciudadan\u00eda, para poder aquilatar los conocimientos que generamos en sociedad. En este escenario, vincularse tanto con la seremi, como con las autoridades de la municipalidad de que nos visitaron es relevante para buscar puntos de desarrollo conjunto en \u00e1reas que todos estemos trabajando, y as\u00ed hacer sinergias que cumplen tanto a la comuna, como a la regi\u00f3n\u201d, manifest\u00f3 la acad\u00e9mica.<\/p>\n\n\n\n<p>En la visita tambi\u00e9n particip\u00f3 Jos\u00e9 Mel\u00e9ndez, encargado de la Oficina de innovaci\u00f3n y Desarrollo de la Municipalidad de Frutillar, quien resalt\u00f3 la importancia que tiene este proyecto para la comuna. \u201cEl acercamiento que realizamos con la Estaci\u00f3n Experimental y su inter\u00e9s de vincularse con la comunidad nos alegra mucho, ya que son de Frutillar. Nos abren una gran posibilidad para trabajar en temas asociados al turismo, cultura, medio ambiente, educaci\u00f3n rural y energ\u00edas renovables. Como oficina, queremos sumarnos a otras universidades relacionadas con esta \u00e1rea forestal, donde podamos compartir conocimientos cient\u00edfico, que nos permita&nbsp;&nbsp;aportar con soluciones innovadoras junto a la comunidad y seguir siendo una fuente de informaci\u00f3n para quienes toman decisiones, y as\u00ed avanzar en nuestra visi\u00f3n de comuna&nbsp;&nbsp;que nos permita ser un ciudad creativa e innovadora, junto con las ciencias\u201d, indic\u00f3 Mel\u00e9ndez.<\/p>\n\n\n\n<p>Cabe consignar que la Oficina Municipal de Innovaci\u00f3n fue creada hace tres meses bajo la actual administraci\u00f3n del alcalde C\u00e9sar Huenuqueo, quien se ha trazado como objetivo lograr un puente de comunicaci\u00f3n entre la comunidad y el mundo cient\u00edfico.<\/p>\n\n\n\n<p>La Estaci\u00f3n Experimental est\u00e1 abierta los d\u00edas jueves y viernes, de 10 a 17 horas. El costo de ingreso es de $3.000 para adultos y adultas; y $1.500 para ni\u00f1os y ni\u00f1as. Los colegios que deseen realizar actividades deben coordinarse con la Sra. Catalina Garay, llamando al fono&nbsp;&nbsp;+56 2 2978 5881.<\/p>\n","protected":false},"excerpt":{"rendered":"<p>Las instalaciones dependen de la Facultad de Ciencias Forestales y Conservaci\u00f3n de la Naturaleza de la Universidad de Chile, y est\u00e1 ubicada a minutos del centro de la ciudad lacustre. Cuenta con m\u00e1s de 150 especies de flora y fauna.<\/p>\n","protected":false},"author":1,"featured_media":15383,"comment_status":"closed","ping_status":"closed","sticky":false,"template":"","format":"standard","meta":{"footnotes":""},"categories":[3,10],"tags":[2118,709,337,132,247,133],"class_list":["post-15382","post","type-post","status-publish","format-standard","has-post-thumbnail","hentry","category-al-dia","category-cultura","tag-semanariolocal","tag-ciencias","tag-informacion","tag-osorno","tag-region-de-los-lagos","tag-semanario-local"],"_links":{"self":[{"href":"https:\/\/www.semanariolocal.cl\/index.php?rest_route=\/wp\/v2\/posts\/15382","targetHints":{"allow":["GET"]}}],"collection":[{"href":"https:\/\/www.semanariolocal.cl\/index.php?rest_route=\/wp\/v2\/posts"}],"about":[{"href":"https:\/\/www.semanariolocal.cl\/index.php?rest_route=\/wp\/v2\/types\/post"}],"author":[{"embeddable":true,"href":"https:\/\/www.semanariolocal.cl\/index.php?rest_route=\/wp\/v2\/users\/1"}],"replies":[{"embeddable":true,"href":"https:\/\/www.semanariolocal.cl\/index.php?rest_route=%2Fwp%2Fv2%2Fcomments&post=15382"}],"version-history":[{"count":1,"href":"https:\/\/www.semanariolocal.cl\/index.php?rest_route=\/wp\/v2\/posts\/15382\/revisions"}],"predecessor-version":[{"id":15384,"href":"https:\/\/www.semanariolocal.cl\/index.php?rest_route=\/wp\/v2\/posts\/15382\/revisions\/15384"}],"wp:featuredmedia":[{"embeddable":true,"href":"https:\/\/www.semanariolocal.cl\/index.php?rest_route=\/wp\/v2\/media\/15383"}],"wp:attachment":[{"href":"https:\/\/www.semanariolocal.cl\/index.php?rest_route=%2Fwp%2Fv2%2Fmedia&parent=15382"}],"wp:term":[{"taxonomy":"category","embeddable":true,"href":"https:\/\/www.semanariolocal.cl\/index.php?rest_route=%2Fwp%2Fv2%2Fcategories&post=15382"},{"taxonomy":"post_tag","embeddable":true,"href":"https:\/\/www.semanariolocal.cl\/index.php?rest_route=%2Fwp%2Fv2%2Ftags&post=15382"}],"curies":[{"name":"wp","href":"https:\/\/api.w.org\/{rel}","templated":true}]}}