{"id":15366,"date":"2023-10-27T07:05:00","date_gmt":"2023-10-27T10:05:00","guid":{"rendered":"https:\/\/www.semanariolocal.cl\/?p=15366"},"modified":"2023-10-27T10:45:19","modified_gmt":"2023-10-27T13:45:19","slug":"ulagos-inaugura-talleres-del-plan-de-reactivacion-educativa","status":"publish","type":"post","link":"https:\/\/www.semanariolocal.cl\/?p=15366","title":{"rendered":"ULagos inaugura talleres del Plan de Reactivaci\u00f3n Educativa"},"content":{"rendered":"\n<p>on \u00e9nfasis territorial y orientados a fortalecer a las comunidades educativas para desarrollar estrategias de revinculaci\u00f3n, se realiz\u00f3 el lanzamiento de los talleres del Plan de Reactivaci\u00f3n,&nbsp; en que a trav\u00e9s de un convenio con el<strong>&nbsp;MINEDUC, la Universidad de Los Lagos<\/strong>&nbsp;realizar\u00e1&nbsp;<strong>10 talleres en toda la regi\u00f3n de Los Lagos.<\/strong><\/p>\n\n\n\n<p>En tal sentido<strong>, la ULagos,&nbsp;<\/strong>a partir de del 25 de octubre, inici\u00f3 la ejecuci\u00f3n de talleres en las&nbsp;<strong>provincias de&nbsp;<\/strong>&nbsp;<strong>Osorno<\/strong>&nbsp;(Osorno, San Pablo, R\u00edo Negro);&nbsp;<strong>Llanquihe&nbsp;<\/strong>(Puerto Montt, Calbuco, Maull\u00edn);&nbsp;<strong>Chilo\u00e9&nbsp;<\/strong>(Castro, Ancud, Quell\u00f3n); y &nbsp;<strong>Palena&nbsp;<\/strong>(Chait\u00e9n). Los beneficiarios son profesionales de la educaci\u00f3n que se desempe\u00f1en en establecimientos dependientes de municipalidades, corporaciones municipales, servicios locales de Educaci\u00f3n Parvularia financiados por aportes regulares del estado y el grupo objetivo, son los profesores jefes, orientadores, duplas psicosociales, encargados de convivencia, docentes que realizan la asignatura de orientaci\u00f3n, directivos con horas de aula.<\/p>\n\n\n\n<p><strong>Pa\u00eds<\/strong><\/p>\n\n\n\n<p>En este contexto, el Plan de Reactivaci\u00f3n a\u00f1o 2023, el CPEIP, a trav\u00e9s de su \u00e1rea de formaci\u00f3n continua, se propuso desarrollar 157 talleres a lo largo de todo el pa\u00eds abordando los principales temas del eje 3 del Plan: Asistencia y Revinculaci\u00f3n. Esta iniciativa se desarrolla en colaboraci\u00f3n con 13 universidades, donde 10 son estatales y 3 privadas, las cuales se desplegar\u00e1n en los distintos territorios dise\u00f1ando, en colaboraci\u00f3n con el CPEIP y agentes territoriales del MINEDUC, un taller en temas como aseguramiento de las trayectorias educativas, el derecho a la educaci\u00f3n, o la prevenci\u00f3n del riesgo de exclusi\u00f3n educativa.<\/p>\n\n\n\n<p><a href=\"https:\/\/www.ulagos.cl\/wp-content\/uploads\/2023\/10\/IMG-20231025-WA0004.jpg\" target=\"_blank\" rel=\"noreferrer noopener\"><\/a><strong>Objetivo<\/strong><\/p>\n\n\n<div class=\"wp-block-image\">\n<figure class=\"alignleft size-large\"><img loading=\"lazy\" decoding=\"async\" width=\"450\" height=\"600\" src=\"https:\/\/www.semanariolocal.cl\/wp-content\/uploads\/2023\/10\/taller-450x600.jpg\" alt=\"\" class=\"wp-image-15373\" srcset=\"https:\/\/www.semanariolocal.cl\/wp-content\/uploads\/2023\/10\/taller-450x600.jpg 450w, https:\/\/www.semanariolocal.cl\/wp-content\/uploads\/2023\/10\/taller-225x300.jpg 225w, https:\/\/www.semanariolocal.cl\/wp-content\/uploads\/2023\/10\/taller-768x1024.jpg 768w, https:\/\/www.semanariolocal.cl\/wp-content\/uploads\/2023\/10\/taller.jpg 780w\" sizes=\"auto, (max-width: 450px) 100vw, 450px\" \/><\/figure>\n<\/div>\n\n\n<p>Los talleres se proponen dos objetivos: Sensibilizar a los docentes en la comprensi\u00f3n de los fen\u00f3menos asociados a la inasistencia y la desvinculaci\u00f3n como riesgos para el desarrollo de trayectorias educativas; y entregar y desarrollar, colaborativamente, estrategias y herramientas pr\u00e1cticas para acoger a las y los estudiantes que se encuentren en situaci\u00f3n de revinculaci\u00f3n y\/o reingreso, seg\u00fan sea el caso.<\/p>\n\n\n\n<p>Una vez realizados los talleres, la Universidad de Los Lagos, realizar\u00e1 una jornada de sistematizaci\u00f3n en que participar\u00e1 el MINEDUC (CPEIP, Secretar\u00eda de Reactivaci\u00f3n y agentes territoriales), cuyo objetivo es sistematizar la experiencia realizada, entregando lineamientos a partir de los aprendizajes que se logren en ella.<\/p>\n\n\n\n<p>La&nbsp;<strong>coordinadora del&nbsp;<\/strong>Plan de Reactivaci\u00f3n del MINEDUC, Regi\u00f3n de Los Lagos&nbsp;<strong>y acad\u00e9mica del Departamento de Educaci\u00f3n de la ULagos, Dra. Sandra P\u00e9rez,&nbsp;<\/strong><strong>coment\u00f3 que<\/strong>&nbsp;<strong><em>\u201c<\/em><\/strong><em>tengo una mirada muy positiva de que el MINEDUC, a trav\u00e9s del CPEIP, tenga como prop\u00f3sito el fortalecimiento de los territorios en el \u00e1mbito educativo, espec\u00edficamente en lo que tiene que ver con el perfeccionamiento de los profesionales de la educaci\u00f3n y, que adem\u00e1s, se articule con las universidades estatales regionales para responder a las necesidades del territorio. El convenio de colaboraci\u00f3n permitir\u00e1 realizar 10 talleres en toda la regi\u00f3n de Los Lagos, los cuales se orientan a fortalecer a las comunidades educativas en una perspectiva de identificar estudiantes, que potencialmente, estar\u00edan en riesgo de exclusi\u00f3n y, tambi\u00e9n, desarrollar estrategias de revinculaci\u00f3n que permitan mantener un espacio adecuado y acogedor acorde a las necesidades educativas\u201d,&nbsp;<\/em><em>Finaliz\u00f3.<\/em><\/p>\n","protected":false},"excerpt":{"rendered":"<p>Son 10 talleres que la ULagos desarrollar\u00e1 en toda la regi\u00f2n, hasta Palena, para las comunidades educativas, con el fin de identificar estudiantes que est\u00e1n en riesgo de exlcusi\u00f2n. <\/p>\n","protected":false},"author":1,"featured_media":15367,"comment_status":"closed","ping_status":"closed","sticky":false,"template":"","format":"standard","meta":{"footnotes":""},"categories":[3,11],"tags":[337,273,132,247,133,297],"class_list":["post-15366","post","type-post","status-publish","format-standard","has-post-thumbnail","hentry","category-al-dia","category-educacion","tag-informacion","tag-noticias","tag-osorno","tag-region-de-los-lagos","tag-semanario-local","tag-universidad-de-los-lagos"],"_links":{"self":[{"href":"https:\/\/www.semanariolocal.cl\/index.php?rest_route=\/wp\/v2\/posts\/15366","targetHints":{"allow":["GET"]}}],"collection":[{"href":"https:\/\/www.semanariolocal.cl\/index.php?rest_route=\/wp\/v2\/posts"}],"about":[{"href":"https:\/\/www.semanariolocal.cl\/index.php?rest_route=\/wp\/v2\/types\/post"}],"author":[{"embeddable":true,"href":"https:\/\/www.semanariolocal.cl\/index.php?rest_route=\/wp\/v2\/users\/1"}],"replies":[{"embeddable":true,"href":"https:\/\/www.semanariolocal.cl\/index.php?rest_route=%2Fwp%2Fv2%2Fcomments&post=15366"}],"version-history":[{"count":2,"href":"https:\/\/www.semanariolocal.cl\/index.php?rest_route=\/wp\/v2\/posts\/15366\/revisions"}],"predecessor-version":[{"id":15374,"href":"https:\/\/www.semanariolocal.cl\/index.php?rest_route=\/wp\/v2\/posts\/15366\/revisions\/15374"}],"wp:featuredmedia":[{"embeddable":true,"href":"https:\/\/www.semanariolocal.cl\/index.php?rest_route=\/wp\/v2\/media\/15367"}],"wp:attachment":[{"href":"https:\/\/www.semanariolocal.cl\/index.php?rest_route=%2Fwp%2Fv2%2Fmedia&parent=15366"}],"wp:term":[{"taxonomy":"category","embeddable":true,"href":"https:\/\/www.semanariolocal.cl\/index.php?rest_route=%2Fwp%2Fv2%2Fcategories&post=15366"},{"taxonomy":"post_tag","embeddable":true,"href":"https:\/\/www.semanariolocal.cl\/index.php?rest_route=%2Fwp%2Fv2%2Ftags&post=15366"}],"curies":[{"name":"wp","href":"https:\/\/api.w.org\/{rel}","templated":true}]}}