{"id":15354,"date":"2023-10-27T07:00:00","date_gmt":"2023-10-27T10:00:00","guid":{"rendered":"https:\/\/www.semanariolocal.cl\/?p=15354"},"modified":"2023-10-27T10:01:29","modified_gmt":"2023-10-27T13:01:29","slug":"comunidad-judia-en-oracion-evangelica-por-israel-y-la-paz-gracias-a-ustedes-somos-millones","status":"publish","type":"post","link":"https:\/\/www.semanariolocal.cl\/?p=15354","title":{"rendered":"Comunidad Jud\u00eda\u00a0en oraci\u00f3n evang\u00e9lica por Israel y\u00a0la\u00a0paz:\u00a0\u201cGracias a ustedes, somos millones\u201d"},"content":{"rendered":"\n<p>La&nbsp;Plataforma Evang\u00e9lica Nacional (PLENA), realiz\u00f3 un Culto&nbsp;de&nbsp;Acci\u00f3n&nbsp;de&nbsp;Gracias que cont\u00f3 con&nbsp;la&nbsp;participaci\u00f3n&nbsp;de&nbsp;representantes&nbsp;de&nbsp;la&nbsp;Comunidad Jud\u00eda&nbsp;de&nbsp;Chile y del Embajador&nbsp;de&nbsp;Israel en Chile y en&nbsp;la&nbsp;que se dedic\u00f3 un segmento especial a&nbsp;la&nbsp;oraci\u00f3n por&nbsp;la&nbsp;paz en Israel, pa\u00eds que est\u00e1 sufriendo&nbsp;los&nbsp;efectos&nbsp;de&nbsp;una ola&nbsp;de&nbsp;terror iniciada desde Gaza hace quince d\u00edas.<\/p>\n\n\n\n<p>Esta actividad, que reuni\u00f3 a m\u00e1s&nbsp;de&nbsp;1000 pastores y obispos evang\u00e9licos, se realiz\u00f3 en el marco del D\u00eda Nacional&nbsp;de&nbsp;las&nbsp;Iglesias Evang\u00e9licas y Protestantes. All\u00ed,&nbsp;los&nbsp;l\u00edderes espirituales&nbsp;de&nbsp;millones&nbsp;de&nbsp;fieles, oraron por Israel, que ha sido v\u00edctima&nbsp;de&nbsp;una brutalidad que trae el triste recuerdo del Holocausto.<\/p>\n\n\n\n<p>La&nbsp;Pastora Lidia Urrutia dedic\u00f3 sentidas palabras a&nbsp;la&nbsp;situaci\u00f3n que se vive all\u00ed: \u201cOramos por&nbsp;la&nbsp;comunidad jud\u00eda&nbsp;de&nbsp;todo el mundo. Que toda ra\u00edz&nbsp;de&nbsp;amargura creada por&nbsp;los&nbsp;actos del terrorismo sean, Se\u00f1or, eliminadas; oramos por&nbsp;la&nbsp;restauraci\u00f3n psicol\u00f3gica y espiritual&nbsp;de&nbsp;las victimas e inocentes que han periodo a sus familias; sana el coraz\u00f3n&nbsp;de&nbsp;la&nbsp;Naci\u00f3n&nbsp;de&nbsp;Israel. Restaura las relaciones&nbsp;de&nbsp;Israel con todos&nbsp;los&nbsp;pa\u00edses del mundo. Trae paz a nuestra naci\u00f3n, Chile, y trae paz y consuelo a tu amada Israel\u201d, dijo.<\/p>\n\n\n\n<p>Gabriel Silber, Director&nbsp;de&nbsp;Asuntos P\u00fablicos&nbsp;de&nbsp;la&nbsp;Comunidad Jud\u00eda&nbsp;de&nbsp;Chile, agradeci\u00f3&nbsp;la&nbsp;invitaci\u00f3n y felicit\u00f3&nbsp;la&nbsp;instancia, aludiendo a que el D\u00eda Nacional&nbsp;de&nbsp;la&nbsp;Iglesias Evang\u00e9licas y Protestantes, es una gran conquista para quienes profesan este credo en nuestro pa\u00eds. Al mismo tiempo, reconoci\u00f3 el valor espiritual que tienen, \u201ccon el que llegan a cada rinc\u00f3n&nbsp;de&nbsp;la&nbsp;naci\u00f3n\u201d, enfatiz\u00f3.<\/p>\n\n\n\n<p>Tambi\u00e9n expres\u00f3 su gratitud hacia quienes hoy piden a Dios por el bienestar&nbsp;de&nbsp;Israel. \u201cLos&nbsp;hemos sentido m\u00e1s que nunca junto a nosotros.&nbsp;Los&nbsp;jud\u00edos en Chile, gracias a ustedes, somos millones. Somos hijos del mismo pacto, hermanos&nbsp;de&nbsp;fe, y en estos d\u00edas, en que hemos visto&nbsp;la&nbsp;peor cara del ser humano, sentimos su presencia, su cercan\u00eda y su oraci\u00f3n. Estamos profundamente agradecidos\u201d, expres\u00f3.<\/p>\n\n\n\n<p>Cabe recordar que el movimiento terrorista Ham\u00e1s ha matado a 1400 personas y herido al menos a 3400 en Israel. Adem\u00e1s, ha atentado contra&nbsp;la&nbsp;poblaci\u00f3n civil, torturando, violando mujeres y quemando a personas. Se suma&nbsp;la&nbsp;tragedia que viven 200 familias&nbsp;de&nbsp;secuestrados, entre las que hay dos familias chilenas: las&nbsp;de&nbsp;Mia Schem y Loren Garcovich Montoya.<\/p>\n\n\n\n<p>La&nbsp;ceremonia concluy\u00f3 con&nbsp;la&nbsp;presencia en el escenario&nbsp;de&nbsp;obispos y pastores&nbsp;de&nbsp;todo Chile, a quienes se les reconoci\u00f3 por&nbsp;la&nbsp;labor que desempe\u00f1an a lo largo y ancho&nbsp;de&nbsp;nuestro pa\u00eds.<\/p>\n","protected":false},"excerpt":{"rendered":"<p>La&nbsp;Plataforma Evang\u00e9lica Nacional (PLENA), realiz\u00f3 un Culto&nbsp;de&nbsp;Acci\u00f3n&nbsp;de&nbsp;Gracias que cont\u00f3 con&nbsp;la&nbsp;participaci\u00f3n&nbsp;de&nbsp;representantes&nbsp;de&nbsp;la&nbsp;Comunidad Jud\u00eda&nbsp;de&nbsp;Chile y del Embajador&nbsp;de&nbsp;Israel en Chile y en&nbsp;la&nbsp;que se dedic\u00f3 un segmento especial a&nbsp;la&nbsp;oraci\u00f3n por&nbsp;la&nbsp;paz en Israel, pa\u00eds que est\u00e1 sufriendo&nbsp;los&nbsp;efectos&nbsp;de&nbsp;una ola&nbsp;de&nbsp;terror iniciada desde Gaza hace quince d\u00edas. Esta actividad, que reuni\u00f3 a m\u00e1s&nbsp;de&nbsp;1000 pastores y obispos evang\u00e9licos, se realiz\u00f3 en el marco del D\u00eda&#8230;<a class=\"btnReadMore\" href=\"https:\/\/www.semanariolocal.cl\/?p=15354\"> Leer M\u00e1s<\/a><\/p>\n","protected":false},"author":1,"featured_media":15355,"comment_status":"closed","ping_status":"closed","sticky":false,"template":"","format":"standard","meta":{"footnotes":""},"categories":[3],"tags":[337,2385,2386,273,132,2388,247,133],"class_list":["post-15354","post","type-post","status-publish","format-standard","has-post-thumbnail","hentry","category-al-dia","tag-informacion","tag-israel","tag-judio","tag-noticias","tag-osorno","tag-pueblo-de-dios","tag-region-de-los-lagos","tag-semanario-local"],"_links":{"self":[{"href":"https:\/\/www.semanariolocal.cl\/index.php?rest_route=\/wp\/v2\/posts\/15354","targetHints":{"allow":["GET"]}}],"collection":[{"href":"https:\/\/www.semanariolocal.cl\/index.php?rest_route=\/wp\/v2\/posts"}],"about":[{"href":"https:\/\/www.semanariolocal.cl\/index.php?rest_route=\/wp\/v2\/types\/post"}],"author":[{"embeddable":true,"href":"https:\/\/www.semanariolocal.cl\/index.php?rest_route=\/wp\/v2\/users\/1"}],"replies":[{"embeddable":true,"href":"https:\/\/www.semanariolocal.cl\/index.php?rest_route=%2Fwp%2Fv2%2Fcomments&post=15354"}],"version-history":[{"count":1,"href":"https:\/\/www.semanariolocal.cl\/index.php?rest_route=\/wp\/v2\/posts\/15354\/revisions"}],"predecessor-version":[{"id":15356,"href":"https:\/\/www.semanariolocal.cl\/index.php?rest_route=\/wp\/v2\/posts\/15354\/revisions\/15356"}],"wp:featuredmedia":[{"embeddable":true,"href":"https:\/\/www.semanariolocal.cl\/index.php?rest_route=\/wp\/v2\/media\/15355"}],"wp:attachment":[{"href":"https:\/\/www.semanariolocal.cl\/index.php?rest_route=%2Fwp%2Fv2%2Fmedia&parent=15354"}],"wp:term":[{"taxonomy":"category","embeddable":true,"href":"https:\/\/www.semanariolocal.cl\/index.php?rest_route=%2Fwp%2Fv2%2Fcategories&post=15354"},{"taxonomy":"post_tag","embeddable":true,"href":"https:\/\/www.semanariolocal.cl\/index.php?rest_route=%2Fwp%2Fv2%2Ftags&post=15354"}],"curies":[{"name":"wp","href":"https:\/\/api.w.org\/{rel}","templated":true}]}}