{"id":15348,"date":"2023-10-26T22:47:48","date_gmt":"2023-10-27T01:47:48","guid":{"rendered":"https:\/\/www.semanariolocal.cl\/?p=15348"},"modified":"2023-10-26T22:47:49","modified_gmt":"2023-10-27T01:47:49","slug":"amar-de-mis-mujeres","status":"publish","type":"post","link":"https:\/\/www.semanariolocal.cl\/?p=15348","title":{"rendered":"Amar de mis mujeres"},"content":{"rendered":"\n<p>En momentos en que las voces femeninas resuenan cada vez con m\u00e1s fuerza, llega un libro de cuentos que captura las historias de las mujeres en su esencia m\u00e1s profunda.&nbsp;<strong><em>Amar de mis mujeres<\/em><\/strong>&nbsp;de Catalina B.C.Z., publicado por Editorial Forja, es una obra que trasciende sus p\u00e1ginas para conectar con el alma de quienes lo leen.<\/p>\n\n\n\n<p>En este libro, Catalina nos lleva en un viaje a trav\u00e9s de las vidas de diferentes cong\u00e9neres, revelando fragmentos de sus experiencias, sue\u00f1os y luchas. Nos muestra fragmentos de nosotras, de las vidas que tenemos, de las que so\u00f1amos y de las que queremos olvidar. Sus historias no solo hablan de las protagonistas, sino que tambi\u00e9n encuentran eco en las historias de nuestras abuelas, madres, t\u00edas y amigas. Es un tributo a la fuerza y \u200b\u200bla diversidad de la mujer a lo largo del tiempo.<\/p>\n\n\n\n<p>En el lanzamiento del libro, la profesora de lenguaje y comunicaci\u00f3n, Constanza Ruiz, destac\u00f3 que las historias de&nbsp;<strong><em>Amar de mis mujeres<\/em><\/strong>&nbsp;logran establecer una conexi\u00f3n \u00fanica. \u201cQu\u00e9 m\u00e1s genuino que encontrarse en las p\u00e1ginas de un libro, qu\u00e9 m\u00e1s conmovedor que leer y que las palabras te envuelvan en un viaje que hace tiempo no emprend\u00edas, con detalles de la vida que han quedado atr\u00e1s y que con tan solo una palabra tus ojos se llenen de l\u00e1grimas. As\u00ed de fuerte puede ser el efecto de los relatos que encontramos en esta obra\u201d, afirm\u00f3.<\/p>\n\n\n\n<p>La acad\u00e9mica, m\u00e1ster en Escritura Creativa, doctora en Sociolog\u00eda y escritora, Iskra Pavez, se\u00f1al\u00f3 que \u201ceste libro de cuentos tiene personajes entra\u00f1ables. Es un libro intimista, que dialoga con la narrativa chilena de Mar\u00eda Luisa Bombal, de Marta Brunet. Tiene tambi\u00e9n una prosa po\u00e9tica que a ratos recuerda a Gabriela Mistral. Lo recomiendo porque creo que puede inspirar a muchas lectoras y lectores en sus propias narrativas biogr\u00e1ficas\u201d.<\/p>\n\n\n\n<p>Catalina B.C.Z. es el enigm\u00e1tico pseud\u00f3nimo de una joven profesora licenciada en Literatura y Educaci\u00f3n, quien desde su \u00e9poca escolar se ha interesado en la escritura. Particip\u00f3 en un taller de dramaturgia abstracta y fue galardona con el segundo lugar en el concurso de microcuentos PAIEP de la Universidad de Santiago.<\/p>\n\n\n\n<p><strong><em>Amar de mis mujeres<\/em><\/strong>&nbsp;ya est\u00e1 disponible en formato impreso y digital en&nbsp;<a href=\"http:\/\/editorialforja.cl\/\" target=\"_blank\" rel=\"noreferrer noopener\">editorialforja.cl<\/a>&nbsp;y tambi\u00e9n en las principales librer\u00edas del pa\u00eds.<\/p>\n","protected":false},"excerpt":{"rendered":"<p>Editorial Forja presenta Amar de mis mujeres de Catalina B.C.Z., una colecci\u00f3n de cuentos que conecta las vidas, los sue\u00f1os y las luchas de mujeres de todas las edades, llev\u00e1ndonos por un mundo de emociones y experiencias compartidas en un viaje literario que toca el coraz\u00f3n.<\/p>\n","protected":false},"author":1,"featured_media":15349,"comment_status":"closed","ping_status":"closed","sticky":false,"template":"","format":"standard","meta":{"footnotes":""},"categories":[3],"tags":[2118,157,337,273,132,247,133],"class_list":["post-15348","post","type-post","status-publish","format-standard","has-post-thumbnail","hentry","category-al-dia","tag-semanariolocal","tag-editorial-forjas","tag-informacion","tag-noticias","tag-osorno","tag-region-de-los-lagos","tag-semanario-local"],"_links":{"self":[{"href":"https:\/\/www.semanariolocal.cl\/index.php?rest_route=\/wp\/v2\/posts\/15348","targetHints":{"allow":["GET"]}}],"collection":[{"href":"https:\/\/www.semanariolocal.cl\/index.php?rest_route=\/wp\/v2\/posts"}],"about":[{"href":"https:\/\/www.semanariolocal.cl\/index.php?rest_route=\/wp\/v2\/types\/post"}],"author":[{"embeddable":true,"href":"https:\/\/www.semanariolocal.cl\/index.php?rest_route=\/wp\/v2\/users\/1"}],"replies":[{"embeddable":true,"href":"https:\/\/www.semanariolocal.cl\/index.php?rest_route=%2Fwp%2Fv2%2Fcomments&post=15348"}],"version-history":[{"count":1,"href":"https:\/\/www.semanariolocal.cl\/index.php?rest_route=\/wp\/v2\/posts\/15348\/revisions"}],"predecessor-version":[{"id":15350,"href":"https:\/\/www.semanariolocal.cl\/index.php?rest_route=\/wp\/v2\/posts\/15348\/revisions\/15350"}],"wp:featuredmedia":[{"embeddable":true,"href":"https:\/\/www.semanariolocal.cl\/index.php?rest_route=\/wp\/v2\/media\/15349"}],"wp:attachment":[{"href":"https:\/\/www.semanariolocal.cl\/index.php?rest_route=%2Fwp%2Fv2%2Fmedia&parent=15348"}],"wp:term":[{"taxonomy":"category","embeddable":true,"href":"https:\/\/www.semanariolocal.cl\/index.php?rest_route=%2Fwp%2Fv2%2Fcategories&post=15348"},{"taxonomy":"post_tag","embeddable":true,"href":"https:\/\/www.semanariolocal.cl\/index.php?rest_route=%2Fwp%2Fv2%2Ftags&post=15348"}],"curies":[{"name":"wp","href":"https:\/\/api.w.org\/{rel}","templated":true}]}}