{"id":15342,"date":"2023-10-26T08:00:00","date_gmt":"2023-10-26T11:00:00","guid":{"rendered":"https:\/\/www.semanariolocal.cl\/?p=15342"},"modified":"2023-10-26T22:22:20","modified_gmt":"2023-10-27T01:22:20","slug":"cft-estatal-de-los-lagos-avanza-hacia-su-primer-proceso-de-acreditacion-institucional","status":"publish","type":"post","link":"https:\/\/www.semanariolocal.cl\/?p=15342","title":{"rendered":"CFT Estatal de Los Lagos avanza hacia su primer proceso de acreditaci\u00f3n institucional"},"content":{"rendered":"\n<p>En esta etapa, la casa de estudios trabaja arduamente para expandir sus \u00e1reas, fortalecer el Proyecto de Aseguramiento de la Calidad y establecer una s\u00f3lida Pol\u00edtica Institucional de Vinculaci\u00f3n con el Medio.<\/p>\n\n\n\n<p>El Rector Fernando Vial, destac\u00f3 la importancia de este proceso, explicando que las jornadas de capacitaci\u00f3n buscan desarrollar capacidades en todo el equipo para la autoevaluaci\u00f3n regular y tambi\u00e9n para presentar la acreditaci\u00f3n al CNA, \u201cnosotros tenemos una ruta de aqu\u00ed al a\u00f1o 2027 para estar con la instituci\u00f3n sincronizada con todos los criterios y est\u00e1ndares, que nos permitan acreditar a nivel avanzado\u201d, subray\u00f3.<\/p>\n\n\n\n<p>En tanto, Ingrid Lazen, Facilitadora del Programa de Transferencia de la CNA afirm\u00f3 que la instancia permite contribuir a la construcci\u00f3n del plan de mejoras diciendo que, \u201cdesde la comisi\u00f3n existe un enfoque en la promoci\u00f3n de la calidad para todas las instituciones de educaci\u00f3n superior. Esta oportunidad de capacitaci\u00f3n est\u00e1 dise\u00f1ada para fortalecer las competencias relacionadas con la autoevaluaci\u00f3n dentro del CFT, permitiendo a los equipos directivos abordar conceptos de aseguramiento de la calidad, identificar brechas en el ejercicio de la calidad y colaborar en la construcci\u00f3n de un plan de mejoras\u201d, puntualiz\u00f3.<\/p>\n\n\n\n<p>Es importante recalcar que los CFT Estatales creados en 2016, son instituciones eximidas del requisito de acreditaci\u00f3n institucional, por lo tanto, sus estudiantes pueden acceder a becas y cr\u00e9ditos del Estado.<\/p>\n\n\n\n<p>Actualmente, la \u00fanica instituci\u00f3n de este tipo dentro de la regi\u00f3n de Los Lagos ubicada en Llanquihue, avanza en la construcci\u00f3n del proyecto de infraestructura con una inversi\u00f3n que supera los 1.200 millones, cuyas primeras salas de clases estar\u00e1n habilitadas para el a\u00f1o acad\u00e9mico 2024.<\/p>\n","protected":false},"excerpt":{"rendered":"<p>Durante dos d\u00edas, el equipo del Centro de Formaci\u00f3n T\u00e9cnica Estatal de Los Lagos, bajo la direcci\u00f3n del Rector Fernando Vial, particip\u00f3 en jornadas de capacitaci\u00f3n impartidas por facilitadores de la Comisi\u00f3n Nacional de Acreditaci\u00f3n (CNA), con miras a su primer proceso de acreditaci\u00f3n.<\/p>\n","protected":false},"author":1,"featured_media":15343,"comment_status":"closed","ping_status":"closed","sticky":false,"template":"","format":"standard","meta":{"footnotes":""},"categories":[3],"tags":[2118,2381,77,337,273,132,247,133],"class_list":["post-15342","post","type-post","status-publish","format-standard","has-post-thumbnail","hentry","category-al-dia","tag-semanariolocal","tag-cft-estatal","tag-educacion","tag-informacion","tag-noticias","tag-osorno","tag-region-de-los-lagos","tag-semanario-local"],"_links":{"self":[{"href":"https:\/\/www.semanariolocal.cl\/index.php?rest_route=\/wp\/v2\/posts\/15342","targetHints":{"allow":["GET"]}}],"collection":[{"href":"https:\/\/www.semanariolocal.cl\/index.php?rest_route=\/wp\/v2\/posts"}],"about":[{"href":"https:\/\/www.semanariolocal.cl\/index.php?rest_route=\/wp\/v2\/types\/post"}],"author":[{"embeddable":true,"href":"https:\/\/www.semanariolocal.cl\/index.php?rest_route=\/wp\/v2\/users\/1"}],"replies":[{"embeddable":true,"href":"https:\/\/www.semanariolocal.cl\/index.php?rest_route=%2Fwp%2Fv2%2Fcomments&post=15342"}],"version-history":[{"count":1,"href":"https:\/\/www.semanariolocal.cl\/index.php?rest_route=\/wp\/v2\/posts\/15342\/revisions"}],"predecessor-version":[{"id":15344,"href":"https:\/\/www.semanariolocal.cl\/index.php?rest_route=\/wp\/v2\/posts\/15342\/revisions\/15344"}],"wp:featuredmedia":[{"embeddable":true,"href":"https:\/\/www.semanariolocal.cl\/index.php?rest_route=\/wp\/v2\/media\/15343"}],"wp:attachment":[{"href":"https:\/\/www.semanariolocal.cl\/index.php?rest_route=%2Fwp%2Fv2%2Fmedia&parent=15342"}],"wp:term":[{"taxonomy":"category","embeddable":true,"href":"https:\/\/www.semanariolocal.cl\/index.php?rest_route=%2Fwp%2Fv2%2Fcategories&post=15342"},{"taxonomy":"post_tag","embeddable":true,"href":"https:\/\/www.semanariolocal.cl\/index.php?rest_route=%2Fwp%2Fv2%2Ftags&post=15342"}],"curies":[{"name":"wp","href":"https:\/\/api.w.org\/{rel}","templated":true}]}}