{"id":15318,"date":"2023-10-25T21:43:17","date_gmt":"2023-10-26T00:43:17","guid":{"rendered":"https:\/\/www.semanariolocal.cl\/?p=15318"},"modified":"2023-10-25T21:43:18","modified_gmt":"2023-10-26T00:43:18","slug":"sago-fisur-2023-contara-con-la-presencia-de-mas-de-200-expositores","status":"publish","type":"post","link":"https:\/\/www.semanariolocal.cl\/?p=15318","title":{"rendered":"Sago Fisur 2023 contar\u00e1 con la presencia de m\u00e1s de 200 expositores"},"content":{"rendered":"\n<p>Durante la jornada de este mi\u00e9rcoles 25 se realiz\u00f3 el lanzamiento del evento en dependencias del Recinto Sago ubicado en calle Los Carrera S\/N, actividad que fue encabezada por el Presidente del Directorio de Sago, Sergio Willer y donde adem\u00e1s estuvieron presentes el gobernador regional Patricio Vallesp\u00edn, la delegada presidencial provincial Claudia Pailalef y el alcalde de Osorno Emeterio Carrillo, adem\u00e1s de invitados especiales.<\/p>\n\n\n\n<p>En la instancia, Sergio Willer indic\u00f3 que esta Feria en sus 97 a\u00f1os se ha convertido en un evento donde convergen el campo, la ciudad y las nuevas tecnolog\u00edas ligadas al rubro, a trav\u00e9s de las diferentes exposiciones. De hecho, ser\u00e1n 229 los expositores los que estar\u00e1n presentes en esta nueva versi\u00f3n de Sago Fisur.<\/p>\n\n\n\n<p>Adem\u00e1s, de manera paralela, el evento silvoagropecuario ofrecer\u00e1 un abanico de actividades para que las familias de la comuna, provincia, regi\u00f3n y de todo el pa\u00eds, puedan disfrutar durante sus cuatro d\u00edas.<\/p>\n\n\n\n<p>Al respecto Willer coment\u00f3 que \u201cqueremos invitar a toda la comunidad, no solamente de ac\u00e1 de Osorno, sino de la regi\u00f3n y del pa\u00eds a esta, la fiesta del campo chileno. El coraz\u00f3n late cada vez m\u00e1s fuerte a veintitantos d\u00edas de la inauguraci\u00f3n de nuestra exposici\u00f3n, por lo que queremos invitar a todos a que vengan a su recinto, al Recinto Sago, a disfrutar de los mejores espect\u00e1culos y a ver lo mejor de nosotros\u201d.<\/p>\n\n\n\n<p>Por su parte, el gobernador regional Patricio Vallesp\u00edn manifest\u00f3 que \u201cestamos ante un evento que marca un hito en el pa\u00eds. Ya no es la feria solo del sur, es la feria del pa\u00eds, donde hay grandes negocios que se arman, por m\u00e1s de 50 millones de d\u00f3lares. Y, este a\u00f1o esperamos que lleguen m\u00e1s de 60 mil personas\u201d.<\/p>\n\n\n\n<p>En el marco del lanzamiento de la Sago Fisur, su presidente Sergio Willer firm\u00f3 un convenio de colaboraci\u00f3n mutua con la Ilustre Municipalidad de Osorno para potenciar el desarrollo de la comuna.<\/p>\n\n\n\n<p>En este sentido, el edil de la comuna Emeterio Carrillo, coment\u00f3 que \u201cconversamos sobre c\u00f3mo pod\u00edamos potenciar a\u00fan m\u00e1s esta feria ganadera y agr\u00edcola de nuestra zona y, obviamente cuando existe la disposici\u00f3n y la voluntad para colaborarnos mutuamente en un trabajo que nos interesa a todos que se desarrolle de la mejor manera posible, logramos fortalecer este polo de desarrollo econ\u00f3mico para nuestra comuna, provincia y regi\u00f3n\u201d.<\/p>\n\n\n\n<p><strong>NOVEDADES<\/strong><\/p>\n\n\n\n<p>Esta nonag\u00e9sima s\u00e9ptima versi\u00f3n de Sago Fisur contar\u00e1 con un pabell\u00f3n gourmet con la presencia de 30 expositores, un pabell\u00f3n de artesanos con 75 expositores, empresas en terreno y una carpa empresarial, estas \u00faltimas con m\u00e1s de 100 expositores. A esto se suma que ser\u00e1n unos 400 los animales que estar\u00e1n en exposici\u00f3n.<\/p>\n\n\n\n<p>Como ya es tradici\u00f3n, Sago Fisur ofrecer\u00e1 destacadas presentaciones a nivel nacional como la Escuadra Amazonas de la Tradici\u00f3n Chilena, un espect\u00e1culo de caballos \u00e1rabes llamado \u201cLos Hijos del Viento\u201d y, por segundo a\u00f1o consecutivo, se presentar\u00e1 la Escuadra Palmas de Pe\u00f1aflor con su espect\u00e1culo \u201cLa Patria se hizo a Caballo\u201d.<\/p>\n\n\n\n<p>Cabe destacar que la programaci\u00f3n de las cuatro jornadas de Sago Fisur 2023, ya est\u00e1 disponible en la web&nbsp;<a href=\"http:\/\/sagofisur.cl\/\">sagofisur.cl<\/a> y redes sociales.<\/p>\n\n\n\n<p>La entrada general al evento costar\u00e1 4 mil pesos. Y los ni\u00f1os mayores de 12 a\u00f1os pagar\u00e1n s\u00f3lo mil pesos para acceder al Recinto Sago.<\/p>\n","protected":false},"excerpt":{"rendered":"<p>Un amplio y entretenido programa de actividades contempla la versi\u00f3n 97\u00b0 de Sago Fisur 2023, la feria silvoagropecuaria m\u00e1s importante y de mayor tradici\u00f3n de nuestro pa\u00eds, que se realizar\u00e1 entre el jueves 23 y el domingo 26 de noviembre.<\/p>\n","protected":false},"author":1,"featured_media":15319,"comment_status":"closed","ping_status":"closed","sticky":false,"template":"","format":"standard","meta":{"footnotes":""},"categories":[3],"tags":[2118,274,337,273,132,247,2376,133],"class_list":["post-15318","post","type-post","status-publish","format-standard","has-post-thumbnail","hentry","category-al-dia","tag-semanariolocal","tag-agricultura","tag-informacion","tag-noticias","tag-osorno","tag-region-de-los-lagos","tag-sago-fisur","tag-semanario-local"],"_links":{"self":[{"href":"https:\/\/www.semanariolocal.cl\/index.php?rest_route=\/wp\/v2\/posts\/15318","targetHints":{"allow":["GET"]}}],"collection":[{"href":"https:\/\/www.semanariolocal.cl\/index.php?rest_route=\/wp\/v2\/posts"}],"about":[{"href":"https:\/\/www.semanariolocal.cl\/index.php?rest_route=\/wp\/v2\/types\/post"}],"author":[{"embeddable":true,"href":"https:\/\/www.semanariolocal.cl\/index.php?rest_route=\/wp\/v2\/users\/1"}],"replies":[{"embeddable":true,"href":"https:\/\/www.semanariolocal.cl\/index.php?rest_route=%2Fwp%2Fv2%2Fcomments&post=15318"}],"version-history":[{"count":1,"href":"https:\/\/www.semanariolocal.cl\/index.php?rest_route=\/wp\/v2\/posts\/15318\/revisions"}],"predecessor-version":[{"id":15320,"href":"https:\/\/www.semanariolocal.cl\/index.php?rest_route=\/wp\/v2\/posts\/15318\/revisions\/15320"}],"wp:featuredmedia":[{"embeddable":true,"href":"https:\/\/www.semanariolocal.cl\/index.php?rest_route=\/wp\/v2\/media\/15319"}],"wp:attachment":[{"href":"https:\/\/www.semanariolocal.cl\/index.php?rest_route=%2Fwp%2Fv2%2Fmedia&parent=15318"}],"wp:term":[{"taxonomy":"category","embeddable":true,"href":"https:\/\/www.semanariolocal.cl\/index.php?rest_route=%2Fwp%2Fv2%2Fcategories&post=15318"},{"taxonomy":"post_tag","embeddable":true,"href":"https:\/\/www.semanariolocal.cl\/index.php?rest_route=%2Fwp%2Fv2%2Ftags&post=15318"}],"curies":[{"name":"wp","href":"https:\/\/api.w.org\/{rel}","templated":true}]}}