{"id":15238,"date":"2023-10-22T12:59:10","date_gmt":"2023-10-22T15:59:10","guid":{"rendered":"https:\/\/www.semanariolocal.cl\/?p=15238"},"modified":"2023-10-23T13:43:27","modified_gmt":"2023-10-23T16:43:27","slug":"el-telar-de-purranque-obtiene-sello-de-excelencia-a-la-artesania-de-chile","status":"publish","type":"post","link":"https:\/\/www.semanariolocal.cl\/?p=15238","title":{"rendered":"El telar de Purranque obtiene Sello de Excelencia a la Artesan\u00eda de Chile"},"content":{"rendered":"\n<p>\u201cHe postulado la obra, \u201cDanza de la \u00f1ocha en lino\u201d, me emociona saber que este reconocimiento trasciende a m\u00ed, a las mujeres que me habitan, a mis manos venditas que Dios me dio y me ayudan a trabajar, es un reconocimiento tambi\u00e9n a mi maestra, Elba Cumi\u00e1n porque es cierto lo que dicen, que antes de la t\u00e9cnica, est\u00e1 el amor, uno debe desear y cuando lo tiene, trabaja y se solaza en ello. He tratado de honrarla haci\u00e9ndolo bonito y tambi\u00e9n ense\u00f1\u00e1ndolo que fue lo que me pidi\u00f3. Tambi\u00e9n honro a mis compa\u00f1eras que en alg\u00fan momento estuvimos trabajando en alg\u00fan proyecto textil, honro a mis padres que siempre me ense\u00f1aron a hacer manualidades y honro a mi comuna por que lo primero que hacen cuando te reconocen es preguntarte de donde eres, hablo siempre con mucho orgullo de Purranque, es emocionante saber que el trabajo que hiciste va a estar conservado a posteridad por siempre, como patrimonio nacional, estoy profundamente emocionada y motivada a seguir perfeccionando y creando a trav\u00e9s de esta t\u00e9cnica creando y recreando lo que el tejido me hace sentir\u201d, as\u00ed se expresa la artesana purranquina Viviana Rantul Bahamonde, &nbsp;quien recibi\u00f3 el premio Sello de Excelencia a la Artesan\u00eda de Chile en su versi\u00f3n 2023, reconocimiento otorgado por el Comit\u00e9 Nacional de Artesan\u00eda, integrado por el Ministerio de las Culturas, las Artes y el Patrimonio, a trav\u00e9s de su \u00e1rea de Artesan\u00eda; y la Escuela de Dise\u00f1o de la Pontificia Universidad Cat\u00f3lica de Chile, a trav\u00e9s de su Programa de Artesan\u00eda, con el patrocinio de la WCC y la Oficina Unesco de Santiago.<\/p>\n\n\n\n<p>Este a\u00f1o el premio recay\u00f3 en ocho obras de las regiones Metropolitana (3), \u00d1uble (1), La Araucan\u00eda (3) y Los Lagos (1). La regi\u00f3n de La Araucan\u00eda fue la que tuvo la mayor cantidad de piezas premiadas junto con la Regi\u00f3n Metropolitana, con tres obras reconocidas en cada una de ellas.<\/p>\n\n\n\n<p>\u201cComo Gobierno y como ministerio de las Culturas tenemos un compromiso con el patrimonio, el oficio y sus cultores, por lo que una vez finalizados los Di\u00e1logos Participativos que se est\u00e1n desarrollando en todo Chile, presentaremos al Congreso Nacional el proyecto de la anhelada ley de Artesan\u00eda, demanda hist\u00f3rica del sector que buscar\u00e1 reconocer y proteger a sus cultores y cultoras, y fomentar la creaci\u00f3n mediante nuevas herramientas de gesti\u00f3n y financiamiento\u201d, dijo Carolina Arredondo, Ministra de las Culturas, las Artes y el Patrimonio, quien encabez\u00f3 la ceremonia de premiaci\u00f3n que se realiz\u00f3 en el Palacio Pereira, donde las y los ganadores recibieron de manos de la ministra y de Manuela Garret\u00f3n, subdirectora de investigaci\u00f3n &nbsp;la Escuela de Dise\u00f1o de la Universidad Cat\u00f3lica, su certificado oficial del Sello de Excelencia.<\/p>\n\n\n\n<p>Su satisfacci\u00f3n expres\u00f3 por su parte la Seremi de las Culturas en la regi\u00f3n, Cristina A\u00f1asco, quien agreg\u00f3 que \u201cestamos tremendamente orgullosos de Viviana, conocemos su obra y su trabajo en ir perfeccion\u00e1ndose. Nuestros Sellos de Artesan\u00eda se concentraban especialmente en el Archipi\u00e9lago de Chilo\u00e9 y hoy este reconocimiento pone la atenci\u00f3n en otro lado de nuestra regi\u00f3n, una comuna como Purranque, donde a\u00f1os atr\u00e1s existi\u00f3 una Escuela de Artes y Oficios, que sin duda contribuy\u00f3 a transmitir de generaci\u00f3n en generaci\u00f3n este arte\u201d.<\/p>\n\n\n\n<p>El Sello de Excelencia a la Artesan\u00eda forma parte de las acciones de reconocimiento y premios que impulsa el Ministerio de las Culturas, las Artes y el Patrimonio, a trav\u00e9s de su \u00e1rea de Artesan\u00eda y su implementaci\u00f3n est\u00e1 alineada con los objetivos del reconocimiento internacional a las artesan\u00edas otorgado por la Unesco.<\/p>\n\n\n\n<p>OBRAS PREMIADAS<\/p>\n\n\n\n<p>En la Araucan\u00eda, recibi\u00f3 este reconocimiento la obra <em>Par de Aros Estribo Capacho<\/em>, de Claudia Jara Ibaceta, de la ciudad de Temuco; la pieza <em>Estudio del Wanco<\/em>, de Daniel Soffia Vega, Puc\u00f3n; y la serie de piezas <em>Jarra Pitio con 6 vasos, <\/em>de<em> <\/em>V\u00edctor Ru\u00edz Bascu\u00f1\u00e1n, de la localidad de Villarrica.<\/p>\n\n\n\n<p>En la regi\u00f3n Metropolitana recibe este reconocimiento la obra titulada <em>Sutileza Campesina, <\/em>del artesano curtidor y talabarteroKevin Soto Concha, de Curacav\u00ed; la obra <em>Aros Oruga en su fest\u00edn de plata, <\/em>deRita Soto Ventura, de la comuna de Recoleta; y la pieza<em> Horquillas, <\/em>de Rodrigo Becerra N\u00fa\u00f1ez, orfebre de la comuna de Pirque.<\/p>\n\n\n\n<p>Tambi\u00e9n obtuvo este importante reconocimiento la obra <em>Homenaje a los Talladores de piedra de Metrenco,<\/em> del artesano en piedra Adrien Canitrot, de \u00d1iqu\u00e9n, en la regi\u00f3n del \u00d1uble.<\/p>\n\n\n\n<p>Las piezas seleccionadas ser\u00e1n expuestas a partir de hoy en la nueva vitrina del Museo de Arte Popular Americano (MAPA) en el patio central del GAM.<\/p>\n\n\n\n<p>Adem\u00e1s, las obras reconocidas participar\u00e1n autom\u00e1ticamente en la propuesta chilena en la versi\u00f3n anual del Reconocimiento de Excelencia para productos artesanales Mercosur, del WCC, y ser\u00e1n promocionadas en el&nbsp;sitio web oficial <a href=\"http:\/\/selloexcelencia.cultura.gob.cl\">http:\/\/selloexcelencia.cultura.gob.cl<\/a> . Tambi\u00e9n contar\u00e1n con un Cat\u00e1logo Oficial donde se presentar\u00e1n sus obras. Por otro lado, sus creadores ser\u00e1n inscritos en el Registro Chile Artesan\u00eda, y sus obras ser\u00e1n comercializadas por la Fundaci\u00f3n Artesan\u00edas de Chile durante el a\u00f1o 2024, adem\u00e1s de recibir un premio de $1.000.000.<\/p>\n\n\n\n<p>Desde 2008, el Sello de Excelencia a la Artesan\u00eda ha sido entregado a 168 piezas de artesan\u00eda, las que obtienen un certificado de promoci\u00f3n oficial que avala la calidad y autenticidad de la obra y forman parte de la \u201cColecci\u00f3n Sello de Excelencia a la Artesan\u00eda\u201d que es resguardada por el Museo de Arte Popular Americano Tom\u00e1s Lago- MAPA, quien adem\u00e1s desarrolla itinerancias por diversas regiones del pa\u00eds, aportando a la difusi\u00f3n y circulaci\u00f3n de las piezas y sus creadores.<\/p>\n","protected":false},"excerpt":{"rendered":"<p>En esta versi\u00f3n del reconocimiento se premiaron 8 obras, entre m\u00e1s de 200 postulaciones que se recibieron desde las 16 regiones del pa\u00eds.  <\/p>\n","protected":false},"author":1,"featured_media":15239,"comment_status":"closed","ping_status":"closed","sticky":false,"template":"","format":"standard","meta":{"footnotes":""},"categories":[3],"tags":[2118,337,273,132,247,133],"class_list":["post-15238","post","type-post","status-publish","format-standard","has-post-thumbnail","hentry","category-al-dia","tag-semanariolocal","tag-informacion","tag-noticias","tag-osorno","tag-region-de-los-lagos","tag-semanario-local"],"_links":{"self":[{"href":"https:\/\/www.semanariolocal.cl\/index.php?rest_route=\/wp\/v2\/posts\/15238","targetHints":{"allow":["GET"]}}],"collection":[{"href":"https:\/\/www.semanariolocal.cl\/index.php?rest_route=\/wp\/v2\/posts"}],"about":[{"href":"https:\/\/www.semanariolocal.cl\/index.php?rest_route=\/wp\/v2\/types\/post"}],"author":[{"embeddable":true,"href":"https:\/\/www.semanariolocal.cl\/index.php?rest_route=\/wp\/v2\/users\/1"}],"replies":[{"embeddable":true,"href":"https:\/\/www.semanariolocal.cl\/index.php?rest_route=%2Fwp%2Fv2%2Fcomments&post=15238"}],"version-history":[{"count":1,"href":"https:\/\/www.semanariolocal.cl\/index.php?rest_route=\/wp\/v2\/posts\/15238\/revisions"}],"predecessor-version":[{"id":15240,"href":"https:\/\/www.semanariolocal.cl\/index.php?rest_route=\/wp\/v2\/posts\/15238\/revisions\/15240"}],"wp:featuredmedia":[{"embeddable":true,"href":"https:\/\/www.semanariolocal.cl\/index.php?rest_route=\/wp\/v2\/media\/15239"}],"wp:attachment":[{"href":"https:\/\/www.semanariolocal.cl\/index.php?rest_route=%2Fwp%2Fv2%2Fmedia&parent=15238"}],"wp:term":[{"taxonomy":"category","embeddable":true,"href":"https:\/\/www.semanariolocal.cl\/index.php?rest_route=%2Fwp%2Fv2%2Fcategories&post=15238"},{"taxonomy":"post_tag","embeddable":true,"href":"https:\/\/www.semanariolocal.cl\/index.php?rest_route=%2Fwp%2Fv2%2Ftags&post=15238"}],"curies":[{"name":"wp","href":"https:\/\/api.w.org\/{rel}","templated":true}]}}