{"id":14960,"date":"2023-10-09T15:12:00","date_gmt":"2023-10-09T18:12:00","guid":{"rendered":"https:\/\/www.semanariolocal.cl\/?p=14960"},"modified":"2023-10-11T11:52:09","modified_gmt":"2023-10-11T14:52:09","slug":"la-cuestion-publica","status":"publish","type":"post","link":"https:\/\/www.semanariolocal.cl\/?p=14960","title":{"rendered":"La Cuesti\u00f3n P\u00fablica"},"content":{"rendered":"\n<p>Hemos asistido en el tiempo reciente, a una sucesi\u00f3n de hechos en el \u00e1mbito de la cuesti\u00f3n p\u00fablica que sorprende hasta al m\u00e1s alejado de los avatares pol\u00edticos.<\/p>\n\n\n\n<p>De una parte, tenemos la \u201ccuesti\u00f3n constitucional\u201d, discusi\u00f3n relevante que se aleja demasiado de la realidad cotidiana, lo que preocupa en este segundo intento democr\u00e1tico, por construir una nueva carta pol\u00edtica.<\/p>\n\n\n\n<p>En ese escenario, la falta de acuerdos difiere del encargo contenido en la manida frase que reza: la \u2018<em>pol\u00edtica es el arte de lo posible\u2019<\/em>, por lo que encarecidamente, por el bien de la colectividad, se hace necesaria la energ\u00eda, las ganas y la voluntad, de liderazgos que articulen esfuerzos, acerquen posiciones y logren consensos. Si, consensos, en torno a las cuestiones m\u00e1s primarias que precisa la colectividad, y merecen reconocimiento constitucional, que suponemos, buenamente, son conocidas por quienes nos representan.<\/p>\n\n\n\n<p>La segunda \u201ccuesti\u00f3n\u201d, abraza a la actividad administrativa, con situaciones que deben llamar a reflexi\u00f3n y por, sobre todo, a la acci\u00f3n de quienes detentan el mandato del pueblo.<\/p>\n\n\n\n<p>La correcta aplicaci\u00f3n de los recursos fiscales precisa de rigurosas regulaciones que no deben jam\u00e1s obviarse a pretexto de \u201cagilizar\u201d la gesti\u00f3n de recursos, ya que ello, las m\u00e1s de las veces, puede obedecer a: falta de planificaci\u00f3n, satisfacci\u00f3n de intereses alejados del inter\u00e9s general, que vulnera el principio de juridicidad permeando las bases mismas del sistema democr\u00e1tico.<\/p>\n\n\n\n<p>El poder p\u00fablico, legitimado democr\u00e1ticamente, debe respetar y hacer respetar el derecho, haciendo valer uno de los principios que conforman al estado de derecho, como lo es el control. Esa actividad, la de controlar, no s\u00f3lo debe descansar en las entidades que est\u00e1n fuera de los \u00f3rganos p\u00fablicos activos, sino tambi\u00e9n en quienes est\u00e1n en posiciones de poder, ejerciendo el control jer\u00e1rquico y en las personas que prestan servicios dentro del Estado, reconduciendo las conductas que lesionen el inter\u00e9s general, que debe ser el que ilumina el transitar de nuestras instituciones p\u00fablicas.<\/p>\n\n\n\n<p>Ambas cuestiones, son relevantes para el devenir de nuestro pa\u00eds, requieren de una acci\u00f3n permanente de quienes se encuentran el v\u00e9rtice estrat\u00e9gico de la institucionalidad p\u00fablica, actuando de manera oportuna y diligente en pos de la protecci\u00f3n de los intereses colectivos. &nbsp;&nbsp;&nbsp;<\/p>\n\n\n\n<p>Por Mario Madrid Mc-Innes, acad\u00e9mico carrera de Derecho Universidad Santo Tom\u00e1s Puerto Montt.<\/p>\n","protected":false},"excerpt":{"rendered":"<p>La correcta aplicaci\u00f3n de los recursos fiscales precisa de rigurosas regulaciones que no deben jam\u00e1s obviarse a pretexto de \u201cagilizar\u201d la gesti\u00f3n de recursos<\/p>\n","protected":false},"author":1,"featured_media":14961,"comment_status":"closed","ping_status":"closed","sticky":false,"template":"","format":"standard","meta":{"footnotes":""},"categories":[3,7],"tags":[2118,337,273,1093,132,247,133],"class_list":["post-14960","post","type-post","status-publish","format-standard","has-post-thumbnail","hentry","category-al-dia","category-opinion","tag-semanariolocal","tag-informacion","tag-noticias","tag-opinion-2","tag-osorno","tag-region-de-los-lagos","tag-semanario-local"],"_links":{"self":[{"href":"https:\/\/www.semanariolocal.cl\/index.php?rest_route=\/wp\/v2\/posts\/14960","targetHints":{"allow":["GET"]}}],"collection":[{"href":"https:\/\/www.semanariolocal.cl\/index.php?rest_route=\/wp\/v2\/posts"}],"about":[{"href":"https:\/\/www.semanariolocal.cl\/index.php?rest_route=\/wp\/v2\/types\/post"}],"author":[{"embeddable":true,"href":"https:\/\/www.semanariolocal.cl\/index.php?rest_route=\/wp\/v2\/users\/1"}],"replies":[{"embeddable":true,"href":"https:\/\/www.semanariolocal.cl\/index.php?rest_route=%2Fwp%2Fv2%2Fcomments&post=14960"}],"version-history":[{"count":1,"href":"https:\/\/www.semanariolocal.cl\/index.php?rest_route=\/wp\/v2\/posts\/14960\/revisions"}],"predecessor-version":[{"id":14962,"href":"https:\/\/www.semanariolocal.cl\/index.php?rest_route=\/wp\/v2\/posts\/14960\/revisions\/14962"}],"wp:featuredmedia":[{"embeddable":true,"href":"https:\/\/www.semanariolocal.cl\/index.php?rest_route=\/wp\/v2\/media\/14961"}],"wp:attachment":[{"href":"https:\/\/www.semanariolocal.cl\/index.php?rest_route=%2Fwp%2Fv2%2Fmedia&parent=14960"}],"wp:term":[{"taxonomy":"category","embeddable":true,"href":"https:\/\/www.semanariolocal.cl\/index.php?rest_route=%2Fwp%2Fv2%2Fcategories&post=14960"},{"taxonomy":"post_tag","embeddable":true,"href":"https:\/\/www.semanariolocal.cl\/index.php?rest_route=%2Fwp%2Fv2%2Ftags&post=14960"}],"curies":[{"name":"wp","href":"https:\/\/api.w.org\/{rel}","templated":true}]}}