{"id":14957,"date":"2023-10-09T10:50:00","date_gmt":"2023-10-09T13:50:00","guid":{"rendered":"https:\/\/www.semanariolocal.cl\/?p=14957"},"modified":"2023-10-10T23:57:43","modified_gmt":"2023-10-11T02:57:43","slug":"cancer-de-mama-altas-probabilidades-de-recuperacion-cuando-se-detecta-a-tiempo","status":"publish","type":"post","link":"https:\/\/www.semanariolocal.cl\/?p=14957","title":{"rendered":"C\u00e1ncer de mama: Altas probabilidades de recuperaci\u00f3n cuando se detecta a tiempo"},"content":{"rendered":"\n<p>Las estad\u00edsticas dicen que 1 de cada 8 mujeres tendr\u00e1 c\u00e1ncer de mama en su vida. 85 de cada 100 mujeres que reciben el diagn\u00f3stico no tienen antecedentes familiares ni mutaciones gen\u00e9ticas, y pr\u00e1cticamente 30 de cada 100 pacientes, pueden presentar met\u00e1stasis.<\/p>\n\n\n\n<p>Como contraparte, 9 de cada 10 mujeres podr\u00edan sobrevivir al c\u00e1ncer de mama si \u00e9ste se detecta precozmente, es decir, antes de que el tumor sea palpable.<\/p>\n\n\n\n<p>Por eso los expertos advierten que la prevenci\u00f3n es clave y de ah\u00ed la enorme importancia de la mamograf\u00eda, principal examen capaz de reducir la mortalidad -ya que a medida que la enfermedad avanza- podr\u00eda requerir la combinaci\u00f3n de distintos tratamientos, los que pueden afectar la calidad de vida y sobrevida de las pacientes.<\/p>\n\n\n\n<p><strong>\u00bfQu\u00e9 es el c\u00e1ncer de mama?<\/strong><\/p>\n\n\n\n<p>El c\u00e1ncer de mama es el tumor m\u00e1s frecuente en el mundo y consiste en el crecimiento descontrolado de las c\u00e9lulas de la gl\u00e1ndula mamaria. Existen diversos tipos, siendo los m\u00e1s frecuentes el carcinoma ductal (que se desarrolla en los conductos que drenan la leche) y el lobulillar (que se origina en los lobulillos que producen la leche materna).<\/p>\n\n\n\n<p><strong>\u00bfCu\u00e1l es su incidencia?<\/strong><\/p>\n\n\n\n<p>Seg\u00fan proyecciones del Observatorio Global del C\u00e1ncer (Globocan), en 2020 m\u00e1s de 1.600 mujeres perdieron la vida en el pa\u00eds por esta causa, ubicando a esta patolog\u00eda como la primera causa de muerte por c\u00e1ncer en mujeres en Chile.<\/p>\n\n\n\n<p><strong>\u00bfQui\u00e9nes deben realizarse la mamograf\u00eda?<\/strong><\/p>\n\n\n\n<p>Todas las mujeres a partir de los 40 a\u00f1os, anualmente. En el caso de personas con antecedentes familiares directos, el control debe comenzar 10 a\u00f1os antes del diagn\u00f3stico de la enfermedad del familiar.<\/p>\n\n\n\n<p><strong>\u00bfQu\u00e9 es exactamente una mamograf\u00eda?<\/strong><\/p>\n\n\n\n<p>En palabras simples, es la imagen de ambas mamas tomada con rayos X que los m\u00e9dicos utilizan para identificar posibles lesiones en sus etapas iniciales, incluso antes de que sean palpables o que generen alg\u00fan cambio f\u00edsico en la mujer.<\/p>\n\n\n\n<p><strong>\u00bfSirve el autoexamen?<\/strong><\/p>\n\n\n\n<p>El autoexamen o autopalpaci\u00f3n de la mama permite identificar un c\u00e1ncer que tiene signos visibles y que, por lo tanto, se encuentra en un estado avanzado y es m\u00e1s dif\u00edcil de tratar. Por eso es importante agendar la mamograf\u00eda anualmente.&nbsp; Este examen permite detectar el c\u00e1ncer en etapas m\u00e1s tempranas, con mayores probabilidades de recuperaci\u00f3n gracias al uso de la tecnolog\u00eda y los avances cient\u00edficos aplicados a la salud.<\/p>\n\n\n\n<p><strong>\u00bfCu\u00e1ndo debo consultar a un especialista?<\/strong><\/p>\n\n\n\n<p>Considera que tus mamas cambian en la forma en que se ven y se sienten debido a los ciclos menstruales, la maternidad, la menopausia, e incluso la edad. Conoce tus mamas y aprende a identificar anomal\u00edas.<\/p>\n\n\n\n<p>Acude a un centro m\u00e9dico si detectas cualquier cambio en el tama\u00f1o o la forma de tus mamas, como bulto nuevo en la mama o axila (debajo del brazo),&nbsp; aumento del grosor o hinchaz\u00f3n, irritaci\u00f3n o hundimientos en la piel, enrojecimiento o descamaci\u00f3n, hundimiento del pez\u00f3n o dolor en esa zona, secreci\u00f3n que no sea leche, incluso de sangre.<\/p>\n\n\n\n<p><strong>\u00bfCu\u00e1l es el tratamiento del c\u00e1ncer de mama?<\/strong><\/p>\n\n\n\n<p>El tratamiento depender\u00e1 de cada mujer y las caracter\u00edsticas de su tumor. Pueden ser individuales o combinados e incluir cirug\u00eda, quimioterapia, radioterapia, terapia hormonal y\/o inmunoterapia.<\/p>\n\n\n\n<p><strong>\u00bfCu\u00e1les son los factores de riesgo de la enfermedad?<\/strong><\/p>\n\n\n\n<p>Existen distintos factores de riesgo que se dividen en dos grupos, modificables y no modificables.<\/p>\n\n\n\n<p><strong>Factores Modificables<\/strong><\/p>\n\n\n\n<p>\u25cf&nbsp;&nbsp;&nbsp;&nbsp;&nbsp;&nbsp;Primer embarazo despu\u00e9s de los 30 a\u00f1os.<\/p>\n\n\n\n<p>\u25cf&nbsp;&nbsp;&nbsp;&nbsp;&nbsp;&nbsp;Obesidad y sobrepeso: IMC sobre 25.<\/p>\n\n\n\n<p>\u25cf&nbsp;&nbsp;&nbsp;&nbsp;&nbsp;&nbsp;Dieta rica en grasas y az\u00facares.<\/p>\n\n\n\n<p>\u25cf&nbsp;&nbsp;&nbsp;&nbsp;&nbsp;&nbsp;Tabaquismo.<\/p>\n\n\n\n<p>\u25cf&nbsp;&nbsp;&nbsp;&nbsp;&nbsp;&nbsp;Consumo excesivo de alcohol.<\/p>\n\n\n\n<p>\u25cf&nbsp;&nbsp;&nbsp;&nbsp;&nbsp;&nbsp;Algunas terapias de sustituci\u00f3n hormonal en la menopausia.<\/p>\n\n\n\n<p><strong>Factores No Modificables<\/strong><\/p>\n\n\n\n<p>\u25cf&nbsp;&nbsp;&nbsp;&nbsp;&nbsp;&nbsp;A mayor edad, mayor riesgo.<\/p>\n\n\n\n<p>\u25cf&nbsp;&nbsp;&nbsp;&nbsp;&nbsp;&nbsp;Primera menstruaci\u00f3n antes de los 12 a\u00f1os.<\/p>\n\n\n\n<p>\u25cf&nbsp;&nbsp;&nbsp;&nbsp;&nbsp;&nbsp;Menopausia despu\u00e9s de los 55 a\u00f1os.<\/p>\n\n\n\n<p>\u25cf&nbsp;&nbsp;&nbsp;&nbsp;&nbsp;&nbsp;No haberse embarazado.<\/p>\n\n\n\n<p>\u25cf&nbsp;&nbsp;&nbsp;&nbsp;&nbsp;&nbsp;Biopsia pre-maligna<\/p>\n\n\n\n<p>\u25cf&nbsp;&nbsp;&nbsp;&nbsp;&nbsp;&nbsp;Predisposici\u00f3n familiar y gen\u00e9tica.<\/p>\n\n\n\n<p>\u25cf&nbsp;&nbsp;&nbsp;&nbsp;&nbsp;&nbsp;Antecedentes familiares directos de c\u00e1ncer de mama, ovario, colon, pr\u00f3stata, p\u00e1ncreas y melanoma.<\/p>\n\n\n\n<p><strong>\u00bfQu\u00e9 garant\u00edas ofrece el Estado para prevenir la enfermedad?<\/strong><\/p>\n\n\n\n<p>Por ley, las mujeres tienen derecho a medio d\u00eda administrativo para realizarse ex\u00e1menes preventivos, como la mamograf\u00eda. Entre los 50 y 69 a\u00f1os, el Estado garantiza a todas las mujeres una mamograf\u00eda gratuita cada tres a\u00f1os. Adem\u00e1s, el GES garantiza el apoyo emocional para mujeres con c\u00e1ncer de mama.<\/p>\n\n\n\n<p><strong>Programa Hazte un tiempo, comienza por ti<\/strong><\/p>\n\n\n\n<p>Tocarse no basta. El autoexamen no detecta precozmente el c\u00e1ncer de mama, ya que cuando se palpa algo y se confirma el diagn\u00f3stico, el c\u00e1ncer ya ha comenzado a desarrollarse.<\/p>\n\n\n\n<p>Buscando aumentar al alcance de la prevenci\u00f3n, el Gobierno de Santiago, en alianza con la Fundaci\u00f3n Arturo L\u00f3pez P\u00e9rez (FALP), lanz\u00f3 en marzo de este a\u00f1o el<strong>&nbsp;programa \u201cHazte un tiempo, comienza por ti<\/strong>\u201d, el cual tiene como objetivo reducir la mortalidad por c\u00e1ncer de mama y el c\u00e1ncer cervicouterino entre la poblaci\u00f3n femenina de las 52 comunas de la Regi\u00f3n Metropolitana.La iniciativa apunta a incentivar y aumentar la realizaci\u00f3n de mamograf\u00edas y un plan piloto de test de autotoma del virus del papiloma humano para disminuir las cifras de ambas enfermedades entre las mujeres de la Regi\u00f3n Metropolitana con m\u00e1s de 40 y 30 a\u00f1os, respectivamente. A siete meses de su lanzamiento, el programa ha logrado m\u00e1s de un 50% de avance, llegando a 42 de las 52 comunas.<\/p>\n","protected":false},"excerpt":{"rendered":"<p>La mamograf\u00eda es el principal examen capaz de reducir la mortalidad del c\u00e1ncer de mama y deben realizarlo anualmente las mujeres mayores de 40 a\u00f1os.<\/p>\n","protected":false},"author":1,"featured_media":14958,"comment_status":"closed","ping_status":"closed","sticky":false,"template":"","format":"standard","meta":{"footnotes":""},"categories":[3],"tags":[2224,2118,337,1500,273,132,247,56,133],"class_list":["post-14957","post","type-post","status-publish","format-standard","has-post-thumbnail","hentry","category-al-dia","tag-salud-2","tag-semanariolocal","tag-informacion","tag-medicina","tag-noticias","tag-osorno","tag-region-de-los-lagos","tag-salud","tag-semanario-local"],"_links":{"self":[{"href":"https:\/\/www.semanariolocal.cl\/index.php?rest_route=\/wp\/v2\/posts\/14957","targetHints":{"allow":["GET"]}}],"collection":[{"href":"https:\/\/www.semanariolocal.cl\/index.php?rest_route=\/wp\/v2\/posts"}],"about":[{"href":"https:\/\/www.semanariolocal.cl\/index.php?rest_route=\/wp\/v2\/types\/post"}],"author":[{"embeddable":true,"href":"https:\/\/www.semanariolocal.cl\/index.php?rest_route=\/wp\/v2\/users\/1"}],"replies":[{"embeddable":true,"href":"https:\/\/www.semanariolocal.cl\/index.php?rest_route=%2Fwp%2Fv2%2Fcomments&post=14957"}],"version-history":[{"count":1,"href":"https:\/\/www.semanariolocal.cl\/index.php?rest_route=\/wp\/v2\/posts\/14957\/revisions"}],"predecessor-version":[{"id":14959,"href":"https:\/\/www.semanariolocal.cl\/index.php?rest_route=\/wp\/v2\/posts\/14957\/revisions\/14959"}],"wp:featuredmedia":[{"embeddable":true,"href":"https:\/\/www.semanariolocal.cl\/index.php?rest_route=\/wp\/v2\/media\/14958"}],"wp:attachment":[{"href":"https:\/\/www.semanariolocal.cl\/index.php?rest_route=%2Fwp%2Fv2%2Fmedia&parent=14957"}],"wp:term":[{"taxonomy":"category","embeddable":true,"href":"https:\/\/www.semanariolocal.cl\/index.php?rest_route=%2Fwp%2Fv2%2Fcategories&post=14957"},{"taxonomy":"post_tag","embeddable":true,"href":"https:\/\/www.semanariolocal.cl\/index.php?rest_route=%2Fwp%2Fv2%2Ftags&post=14957"}],"curies":[{"name":"wp","href":"https:\/\/api.w.org\/{rel}","templated":true}]}}