{"id":14951,"date":"2023-10-09T11:55:00","date_gmt":"2023-10-09T14:55:00","guid":{"rendered":"https:\/\/www.semanariolocal.cl\/?p=14951"},"modified":"2023-10-10T23:39:03","modified_gmt":"2023-10-11T02:39:03","slug":"diputada-nuyado-puntualizo-la-responsabilidad-de-empresas-electricas-en-incendios-forestales","status":"publish","type":"post","link":"https:\/\/www.semanariolocal.cl\/?p=14951","title":{"rendered":"Diputada Nuyado puntualiz\u00f3 la responsabilidad de empresas el\u00e9ctricas en incendios forestales"},"content":{"rendered":"\n<p>De cara a enfrentar una nueva temporada de calor el Gobierno present\u00f3 el Proyecto de Ley para Prevenir Incendios Forestales cuya tramitaci\u00f3n fue calificada con \u201cSuma Urgencia\u201d. Ante esto, la Diputada por la Regi\u00f3n de Los Lagos, Emilia Nuyado Ancapich\u00fan resalt\u00f3 la necesidad de incorporar el rol de las empresas el\u00e9ctricas en las coordinaciones de prevenci\u00f3n, esto luego que el Ministerio P\u00fablico comprobara \u201ccient\u00edficamente\u201d que el inicio de los incendios forestales en la Regi\u00f3n del B\u00edo B\u00edo iniciaron por responsabilidad de empresas Frontel de propiedad del Grupo Saesa, la que a su vez determin\u00f3 el allanamiento de sus oficinas en las regi\u00f3n Metropolitana, B\u00edo B\u00edo, Araucan\u00eda y Los Lagos.<\/p>\n\n\n\n<p>La parlamentaria que hab\u00eda realizado su intervenci\u00f3n por estas responsabilidades en marzo de este a\u00f1o y el pasado lunes en la Comisi\u00f3n de Agricultura de la C\u00e1mara Baja de forma independiente, este mi\u00e9rcoles en el contexto de este proyecto de ley en la Comisi\u00f3n de Vivienda nuevamente manifest\u00f3 su inquietud respecto al rol que cumplen las empresas el\u00e9ctricas en la prevenci\u00f3n de incendios forestales, recordando el gran incendio que ocurri\u00f3 en el sector Los Juncos ubicado en la Comuna de San Pablo en la Provincia de Osorno, que incluso oblig\u00f3 a decretarse Alerta Roja a la emergencia que consumi\u00f3 18,7 hect\u00e1reas de vegetaci\u00f3n cuyo origen seg\u00fan vecinos, fue tras la mantenci\u00f3n de las redes el\u00e9ctricas en d\u00edas de altas temperaturas.<\/p>\n\n\n\n<p>La Diputada Emilia Nuyado se\u00f1al\u00f3 que \u201c<strong>valoro mucho este Proyecto y la rapidez con la que el Gobierno nos pide que avancemos porque es un proyecto que tiene suma urgencia, pero yo tengo una duda con las empresas el\u00e9ctricas y que tambi\u00e9n la fiscal\u00eda se\u00f1al\u00f3 en este verano que gran parte de ellas en limpiezas de redes generaron incendios. Nos ha pasado en diversos territorios en la Regi\u00f3n de Los Lagos y en el Bio B\u00edo, entonces ser\u00eda importante saber en qu\u00e9 articulado queda<\/strong>\u201d<strong>, <\/strong>apuntando hacia los expertos y especialistas que ser\u00e1n invitados para explicar los alcances espec\u00edficos de dicho Proyecto de Ley.<\/p>\n\n\n\n<p><strong>\u201cLa experiencia ya la conocemos, la Fiscal\u00eda claramente ha se\u00f1alado que hay empresas el\u00e9ctricas que han estado limpiando redes y que finalmente tampoco van a asumir con esa responsabilidad toda esta p\u00e9rdida que ha tenido que tambi\u00e9n asumir el Estado, porque son muchas las familias peque\u00f1as las que fueron afectadas \u201d<\/strong>, enfatiz\u00f3 la parlamentaria.<\/p>\n\n\n\n<p>El proyecto cuyo an\u00e1lisis inici\u00f3 este mi\u00e9rcoles en una sesi\u00f3n especial de la Comisi\u00f3n de Vivienda de la C\u00e1mara de Diputados tiene como fin fortalecer la estrategia de prevenci\u00f3n de incendios forestales y rurales en el pa\u00eds, dotando al nuevo Servicio Nacional Forestal (que reemplazar\u00e1 a Conaf) de facultades sancionatorias y la clasificaci\u00f3n del territorio en los instrumentos de planificaci\u00f3n territorial priorizando la protecci\u00f3n de personas, bienes, infraestructuras y ecosistemas.<\/p>\n","protected":false},"excerpt":{"rendered":"<p>En el marco del inicio del an\u00e1lisis del Proyecto de Ley de Prevenci\u00f3n de Incendios la Diputada resalt\u00f3 la necesidad de incorporar el rol de las empresas el\u00e9ctricas, esto luego que el Ministerio P\u00fablico comprobara que el inicio de los incendios forestales del B\u00edo B\u00edo iniciaron por responsabilidad de empresas Frontel de propiedad del Grupo Saesa.<\/p>\n","protected":false},"author":1,"featured_media":14952,"comment_status":"closed","ping_status":"closed","sticky":false,"template":"","format":"standard","meta":{"footnotes":""},"categories":[3,6],"tags":[2296,2118,2297,337,273,132,247,133],"class_list":["post-14951","post","type-post","status-publish","format-standard","has-post-thumbnail","hentry","category-al-dia","category-politica","tag-politica-4","tag-semanariolocal","tag-diputada-emilia-nuyado","tag-informacion","tag-noticias","tag-osorno","tag-region-de-los-lagos","tag-semanario-local"],"_links":{"self":[{"href":"https:\/\/www.semanariolocal.cl\/index.php?rest_route=\/wp\/v2\/posts\/14951","targetHints":{"allow":["GET"]}}],"collection":[{"href":"https:\/\/www.semanariolocal.cl\/index.php?rest_route=\/wp\/v2\/posts"}],"about":[{"href":"https:\/\/www.semanariolocal.cl\/index.php?rest_route=\/wp\/v2\/types\/post"}],"author":[{"embeddable":true,"href":"https:\/\/www.semanariolocal.cl\/index.php?rest_route=\/wp\/v2\/users\/1"}],"replies":[{"embeddable":true,"href":"https:\/\/www.semanariolocal.cl\/index.php?rest_route=%2Fwp%2Fv2%2Fcomments&post=14951"}],"version-history":[{"count":1,"href":"https:\/\/www.semanariolocal.cl\/index.php?rest_route=\/wp\/v2\/posts\/14951\/revisions"}],"predecessor-version":[{"id":14953,"href":"https:\/\/www.semanariolocal.cl\/index.php?rest_route=\/wp\/v2\/posts\/14951\/revisions\/14953"}],"wp:featuredmedia":[{"embeddable":true,"href":"https:\/\/www.semanariolocal.cl\/index.php?rest_route=\/wp\/v2\/media\/14952"}],"wp:attachment":[{"href":"https:\/\/www.semanariolocal.cl\/index.php?rest_route=%2Fwp%2Fv2%2Fmedia&parent=14951"}],"wp:term":[{"taxonomy":"category","embeddable":true,"href":"https:\/\/www.semanariolocal.cl\/index.php?rest_route=%2Fwp%2Fv2%2Fcategories&post=14951"},{"taxonomy":"post_tag","embeddable":true,"href":"https:\/\/www.semanariolocal.cl\/index.php?rest_route=%2Fwp%2Fv2%2Ftags&post=14951"}],"curies":[{"name":"wp","href":"https:\/\/api.w.org\/{rel}","templated":true}]}}