{"id":14941,"date":"2023-10-10T07:35:00","date_gmt":"2023-10-10T10:35:00","guid":{"rendered":"https:\/\/www.semanariolocal.cl\/?p=14941"},"modified":"2023-10-10T17:58:16","modified_gmt":"2023-10-10T20:58:16","slug":"escasez-de-la-merluza-comun-provoca-tension-entre-embarcaciones-artesanales-e-industriales","status":"publish","type":"post","link":"https:\/\/www.semanariolocal.cl\/?p=14941","title":{"rendered":"Escasez de la merluza com\u00fan provoca tensi\u00f3n entre embarcaciones artesanales e industriales"},"content":{"rendered":"\n<p>Un llamado a la autoridad pesquera realizaron pescadores artesanales de Cocholg\u00fce, Regi\u00f3n del Biob\u00edo, ante un enfrentamiento entre una embarcaci\u00f3n de pesca artesanal y una nave de pesca industrial ocurrido este viernes en altamar, debido a la superposici\u00f3n de materiales en las faenas pesqueras.<\/p>\n\n\n\n<p>Y es que la escasez de la merluza com\u00fan tiene a ambas flotas en una constante tensi\u00f3n que se agrava ante la aparici\u00f3n fortuita del recurso en determinadas zonas de pesca, provocando la preocupaci\u00f3n del sector artesanal.<\/p>\n\n\n\n<p>As\u00ed lo relataron Omar M\u00e9ndez, presidente del Sindicato de pescadores artesanales de Cocholg\u00fce y Patricio Molina, pescador artesanal&nbsp; que iba en la embarcaci\u00f3n artesanal en el \u00faltimo altercado; quienes coincidieron que la situaci\u00f3n de conflicto es provocada por la crisis econ\u00f3mica que arrastra la flota merlucera artesanal y el arrase indiscriminado que hace la industria.&nbsp;<\/p>\n\n\n\n<p>Seg\u00fan indic\u00f3 Molina, la nave industrial habr\u00eda pasado por encima y roto las redes de pesca de la embarcaci\u00f3n artesanal, pese a las advertencias de est\u00e1 \u00faltima y que termin\u00f3 en un incidente a piedrazos que se super\u00f3 gracias a la intervenci\u00f3n de la Armada de Chile y que no registr\u00f3 heridos ni da\u00f1os mayores.<\/p>\n\n\n\n<p>El presidente del Sindicato, manifest\u00f3 su preocupaci\u00f3n en tanto no es primera vez que sucede este tipo de situaciones y ante esto solicit\u00f3 respuesta de la autoridad pesquera respecto a la conservaci\u00f3n del recurso merluza.<\/p>\n\n\n\n<p>\u201cDesde junio que los pescadores salen a sus faenas y no pescan nada.&nbsp; Pero si un d\u00eda aparece el recurso, la industria lo arrasa y los artesanales no alcanzan a pescar nada. Es una situaci\u00f3n compleja, que afecta a los pescadores tanto econ\u00f3mica como psicol\u00f3gicamente\u201d, enfatiz\u00f3 M\u00e9ndez.<\/p>\n","protected":false},"excerpt":{"rendered":"<p>El conflicto se est\u00e1 generando en altamar, en plenas faenas pesqueras, debido a que comparten espacios en caladeros.<\/p>\n","protected":false},"author":1,"featured_media":14942,"comment_status":"closed","ping_status":"closed","sticky":false,"template":"","format":"standard","meta":{"footnotes":""},"categories":[3],"tags":[337,273,132,247,133],"class_list":["post-14941","post","type-post","status-publish","format-standard","has-post-thumbnail","hentry","category-al-dia","tag-informacion","tag-noticias","tag-osorno","tag-region-de-los-lagos","tag-semanario-local"],"_links":{"self":[{"href":"https:\/\/www.semanariolocal.cl\/index.php?rest_route=\/wp\/v2\/posts\/14941","targetHints":{"allow":["GET"]}}],"collection":[{"href":"https:\/\/www.semanariolocal.cl\/index.php?rest_route=\/wp\/v2\/posts"}],"about":[{"href":"https:\/\/www.semanariolocal.cl\/index.php?rest_route=\/wp\/v2\/types\/post"}],"author":[{"embeddable":true,"href":"https:\/\/www.semanariolocal.cl\/index.php?rest_route=\/wp\/v2\/users\/1"}],"replies":[{"embeddable":true,"href":"https:\/\/www.semanariolocal.cl\/index.php?rest_route=%2Fwp%2Fv2%2Fcomments&post=14941"}],"version-history":[{"count":1,"href":"https:\/\/www.semanariolocal.cl\/index.php?rest_route=\/wp\/v2\/posts\/14941\/revisions"}],"predecessor-version":[{"id":14943,"href":"https:\/\/www.semanariolocal.cl\/index.php?rest_route=\/wp\/v2\/posts\/14941\/revisions\/14943"}],"wp:featuredmedia":[{"embeddable":true,"href":"https:\/\/www.semanariolocal.cl\/index.php?rest_route=\/wp\/v2\/media\/14942"}],"wp:attachment":[{"href":"https:\/\/www.semanariolocal.cl\/index.php?rest_route=%2Fwp%2Fv2%2Fmedia&parent=14941"}],"wp:term":[{"taxonomy":"category","embeddable":true,"href":"https:\/\/www.semanariolocal.cl\/index.php?rest_route=%2Fwp%2Fv2%2Fcategories&post=14941"},{"taxonomy":"post_tag","embeddable":true,"href":"https:\/\/www.semanariolocal.cl\/index.php?rest_route=%2Fwp%2Fv2%2Ftags&post=14941"}],"curies":[{"name":"wp","href":"https:\/\/api.w.org\/{rel}","templated":true}]}}