{"id":14729,"date":"2023-09-25T08:20:00","date_gmt":"2023-09-25T11:20:00","guid":{"rendered":"https:\/\/www.semanariolocal.cl\/?p=14729"},"modified":"2023-09-25T22:35:56","modified_gmt":"2023-09-26T01:35:56","slug":"comite-de-ministros-renueva-declaratoria-zoit-para-angelmo","status":"publish","type":"post","link":"https:\/\/www.semanariolocal.cl\/?p=14729","title":{"rendered":"Comit\u00e9 de Ministros renueva declaratoria ZOIT para Angelm\u00f3"},"content":{"rendered":"\n<p>El diputado Alejandro Bernales (PL), valor\u00f3 satisfactoriamente la renovaci\u00f3n de la declaratoria de zona de inter\u00e9s tur\u00edstico, ZOIT de Angelm\u00f3, comuna de Puerto Montt, tras ser aprobado por el Comit\u00e9 de Ministros, destacando asimismo el gran trabajo mancomunado realizado entre vecinos, dirigentes, municipio y servicios p\u00fablicos del Estado para sacar esta declaratoria adelante a fin de fortalecer este sector como un polo de desarrollo tur\u00edstico.<br>\u201cMe acaban de notificar que el comit\u00e9 de ministros ha aprobado que nuestra hist\u00f3rica caleta sea Zona de Inter\u00e9s Tur\u00edstico (ZOIT), estamos muy felices, muy contentos de haber ayudado a gestionar esto que estaban pidiendo los vecinos, dirigentes y todos los que se la jugaron para que esto sea una realidad\u201d, precis\u00f3 el legislador, quien trabaj\u00f3 activamente con las comunidades del sector.<br>Igualmente a\u00f1adi\u00f3 \u201cun especial reconocimiento a cada uno de los que hicieron las reuniones, los expedientes, a los dirigentes, locatarios, al equipo municipal de Turismo de Puerto Montt, pues cuando trabajamos todos juntos las cosas se logran y tambi\u00e9n un especial reconocimiento a la subsecretaria de Turismo (Ver\u00f3nica Pardo) que estuvo all\u00ed con nosotros en terreno y se comprometi\u00f3 a que esto iba a suceder, hoy esto es una realidad, as\u00ed que estamos felices porque vamos a poder seguir d\u00e1ndole vida \u00a0a nuestra caleta hist\u00f3rica de Angelm\u00f3\u201d.<br><\/p>\n","protected":false},"excerpt":{"rendered":"<p>Las Zonas de Inter\u00e9s Tur\u00edstico (ZOIT) son territorios comunales, intercomunales o determinadas \u00e1reas dentro de \u00e9stos, que tengan condiciones especiales para la atracci\u00f3n tur\u00edstica y que requieran medidas de conservaci\u00f3n y una planificaci\u00f3n integrada para promover las inversiones del sector privado.<\/p>\n","protected":false},"author":1,"featured_media":14730,"comment_status":"closed","ping_status":"closed","sticky":false,"template":"","format":"standard","meta":{"footnotes":""},"categories":[3,8],"tags":[2118,184,273,132,247,133],"class_list":["post-14729","post","type-post","status-publish","format-standard","has-post-thumbnail","hentry","category-al-dia","category-comunas","tag-semanariolocal","tag-alejandro-bernales","tag-noticias","tag-osorno","tag-region-de-los-lagos","tag-semanario-local"],"_links":{"self":[{"href":"https:\/\/www.semanariolocal.cl\/index.php?rest_route=\/wp\/v2\/posts\/14729","targetHints":{"allow":["GET"]}}],"collection":[{"href":"https:\/\/www.semanariolocal.cl\/index.php?rest_route=\/wp\/v2\/posts"}],"about":[{"href":"https:\/\/www.semanariolocal.cl\/index.php?rest_route=\/wp\/v2\/types\/post"}],"author":[{"embeddable":true,"href":"https:\/\/www.semanariolocal.cl\/index.php?rest_route=\/wp\/v2\/users\/1"}],"replies":[{"embeddable":true,"href":"https:\/\/www.semanariolocal.cl\/index.php?rest_route=%2Fwp%2Fv2%2Fcomments&post=14729"}],"version-history":[{"count":1,"href":"https:\/\/www.semanariolocal.cl\/index.php?rest_route=\/wp\/v2\/posts\/14729\/revisions"}],"predecessor-version":[{"id":14731,"href":"https:\/\/www.semanariolocal.cl\/index.php?rest_route=\/wp\/v2\/posts\/14729\/revisions\/14731"}],"wp:featuredmedia":[{"embeddable":true,"href":"https:\/\/www.semanariolocal.cl\/index.php?rest_route=\/wp\/v2\/media\/14730"}],"wp:attachment":[{"href":"https:\/\/www.semanariolocal.cl\/index.php?rest_route=%2Fwp%2Fv2%2Fmedia&parent=14729"}],"wp:term":[{"taxonomy":"category","embeddable":true,"href":"https:\/\/www.semanariolocal.cl\/index.php?rest_route=%2Fwp%2Fv2%2Fcategories&post=14729"},{"taxonomy":"post_tag","embeddable":true,"href":"https:\/\/www.semanariolocal.cl\/index.php?rest_route=%2Fwp%2Fv2%2Ftags&post=14729"}],"curies":[{"name":"wp","href":"https:\/\/api.w.org\/{rel}","templated":true}]}}