{"id":14682,"date":"2023-09-22T07:43:00","date_gmt":"2023-09-22T10:43:00","guid":{"rendered":"https:\/\/www.semanariolocal.cl\/?p=14682"},"modified":"2023-09-23T19:48:11","modified_gmt":"2023-09-23T22:48:11","slug":"mindep-ind-entrego-recursos-fondeporte-2023-a-entidades-de-puerto-montt-y-puerto-varas","status":"publish","type":"post","link":"https:\/\/www.semanariolocal.cl\/?p=14682","title":{"rendered":"Mindep IND entreg\u00f3 recursos Fondeporte 2023 a entidades de Puerto Montt y Puerto Varas"},"content":{"rendered":"\n<p>Con la presencia de la Seremi del Deporte, Carolina Urrutia Soto y el Director Regional (S) del IND, Ernesto Villarroel Jaramillo se efectu\u00f3 la entrega de recursos del Fondo Nacional para el Fomento del Deporte, a entidades p\u00fablicas y organizaciones deportivas de las comunas de Puerto Montt y Puerto Varas.<\/p>\n\n\n\n<p>Se trata de un instrumento de fomento deportivo, que es una herramienta de financiamiento privilegiada para el desarrollo y proyecci\u00f3n de la actividad f\u00edsica y deportiva en el pa\u00eds y que tiene como objetivo financiar total o parcialmente proyectos, programas, actividades y medidas de fomento, ejecuci\u00f3n pr\u00e1ctica y desarrollo del deporte en sus diversas modalidades y manifestaciones.<\/p>\n\n\n\n<p>La Seremi del Deporte, Carolina Urrutia Soto, se refiri\u00f3 a esta actividad, se\u00f1alando que \u201cestamos muy contentos como autoridades regionales del deporte al realizar esta entrega, es una manera de ayudar y fomentar el deporte en la regi\u00f3n y a los deportistas, donde los dirigentes tienen que armar un proyecto. Prontamente se abrir\u00e1n las postulaciones nuevamente y queremos que se vayan incentivando a buscar este tipo de recursos, que van en directo beneficio para los deportistas y hoy pudimos entregar a entidades de Puerto Varas y Puerto Montt para el desarrollo de tres disciplinas deportivas: f\u00fatbol, b\u00e1squetbol y taekwondo\u201d.<\/p>\n\n\n\n<p>En tanto, el Director Regional (S) del IND, Ernesto Villarroel Jaramillo indic\u00f3 que \u201chemos entregado recursos Fondeporte a\u00f1o 2023 a organizaciones que est\u00e1n trabajando para el desarrollo del deporte, tales como el Club de Taekwondo El Esp\u00edritu del Drag\u00f3n Blanco de Puerto Montt, un proyecto presentado por la Municipalidad de Puerto Varas, que es una escuela de f\u00fatbol y al Club Deportivo Social y Cultural Puerto Varas, que fomenta la disciplina del b\u00e1squetbol, hemos querido a trav\u00e9s de esta entrega, darles un granito de arena en el desarrollo de sus actividades deportivas durante este a\u00f1o, sabemos que ellos invierten mucho m\u00e1s de lo que est\u00e1n recibiendo el d\u00eda de hoy, pero el Ministerio del Deporte y el IND quieren hacerse parte de sus actividades deportivas\u201d.<\/p>\n\n\n\n<p>Cabe indicar, que las instituciones beneficiadas corresponden a la Municipalidad de Puerto Varas, con el proyecto \u00abImplementaci\u00f3n Deportiva para el f\u00fatbol municipal en Puerto Varas\u00bb, por un monto de $1.868.430 pesos, para la formaci\u00f3n de damas y varones en la disciplina de f\u00fatbol; el Club Deportivo Social y Cultural Puerto Varas, con el proyecto \u00abCDSC CRECE 2023\u00bb, por un monto de $3.000.000 pesos para el fomento de la disciplina de b\u00e1squetbol, en la categor\u00eda de Deporte Recreativo y el Club Deportivo El Esp\u00edritu del Drag\u00f3n Blanco de Puerto Montt, con el proyecto \u00abEquipamiento Ol\u00edmpico\u00bb, por $2.669.720 pesos, para la pr\u00e1ctica de la disciplina de taekwondo en damas y varones, a nivel de competencia.<\/p>\n","protected":false},"excerpt":{"rendered":"<p>Los fondos se utilizar\u00e1n para la implementaci\u00f3n de tres proyectos deportivos, en las \u00e1reas de Formaci\u00f3n para el Deporte, Deporte Recreativo y Deporte de Competici\u00f3n.<\/p>\n","protected":false},"author":1,"featured_media":14683,"comment_status":"closed","ping_status":"closed","sticky":false,"template":"","format":"standard","meta":{"footnotes":""},"categories":[3],"tags":[59,337,63,836,273,132,247,133],"class_list":["post-14682","post","type-post","status-publish","format-standard","has-post-thumbnail","hentry","category-al-dia","tag-ind","tag-informacion","tag-mindep","tag-mindep-los-lagos","tag-noticias","tag-osorno","tag-region-de-los-lagos","tag-semanario-local"],"_links":{"self":[{"href":"https:\/\/www.semanariolocal.cl\/index.php?rest_route=\/wp\/v2\/posts\/14682","targetHints":{"allow":["GET"]}}],"collection":[{"href":"https:\/\/www.semanariolocal.cl\/index.php?rest_route=\/wp\/v2\/posts"}],"about":[{"href":"https:\/\/www.semanariolocal.cl\/index.php?rest_route=\/wp\/v2\/types\/post"}],"author":[{"embeddable":true,"href":"https:\/\/www.semanariolocal.cl\/index.php?rest_route=\/wp\/v2\/users\/1"}],"replies":[{"embeddable":true,"href":"https:\/\/www.semanariolocal.cl\/index.php?rest_route=%2Fwp%2Fv2%2Fcomments&post=14682"}],"version-history":[{"count":1,"href":"https:\/\/www.semanariolocal.cl\/index.php?rest_route=\/wp\/v2\/posts\/14682\/revisions"}],"predecessor-version":[{"id":14684,"href":"https:\/\/www.semanariolocal.cl\/index.php?rest_route=\/wp\/v2\/posts\/14682\/revisions\/14684"}],"wp:featuredmedia":[{"embeddable":true,"href":"https:\/\/www.semanariolocal.cl\/index.php?rest_route=\/wp\/v2\/media\/14683"}],"wp:attachment":[{"href":"https:\/\/www.semanariolocal.cl\/index.php?rest_route=%2Fwp%2Fv2%2Fmedia&parent=14682"}],"wp:term":[{"taxonomy":"category","embeddable":true,"href":"https:\/\/www.semanariolocal.cl\/index.php?rest_route=%2Fwp%2Fv2%2Fcategories&post=14682"},{"taxonomy":"post_tag","embeddable":true,"href":"https:\/\/www.semanariolocal.cl\/index.php?rest_route=%2Fwp%2Fv2%2Ftags&post=14682"}],"curies":[{"name":"wp","href":"https:\/\/api.w.org\/{rel}","templated":true}]}}